{"id":11067,"date":"2025-11-14T17:50:14","date_gmt":"2025-11-14T17:50:14","guid":{"rendered":"https:\/\/grupoterrademar.com\/?p=11067"},"modified":"2025-11-14T17:50:16","modified_gmt":"2025-11-14T17:50:16","slug":"benissa-base-ferry-baleares-denia","status":"publish","type":"post","link":"https:\/\/grupoterrademar.com\/nl\/benissa-base-ferry-baleares-denia\/","title":{"rendered":"Benissa: tu noche perfecta antes de zarpar hacia Baleares desde Denia"},"content":{"rendered":"<h2 class=\"wp-block-heading\">El dilema del viajero inteligente<\/h2>\n\n\n\n<p>Es viernes por la ma\u00f1ana. Tu ferry sale <strong>de Denia hacia las Baleares a las 8 de la ma\u00f1ana<\/strong>. Podr\u00edas dormir en Denia, pero los hoteles est\u00e1n a precios de resort de lujo. Podr\u00edas salir desde donde est\u00e9s muy temprano, pero 2-3 horas de conducci\u00f3n de madrugada no es lo ideal.<\/p>\n\n\n\n<p>Existe una tercera opci\u00f3n que la mayor\u00eda de viajeros desconocen: <strong>Benissa<\/strong>.<\/p>\n\n\n\n<figure class=\"wp-block-image aligncenter size-large\"><img fetchpriority=\"high\" decoding=\"async\" width=\"1024\" height=\"683\" src=\"https:\/\/grupoterrademar.com\/wp-content\/uploads\/2022\/07\/LA_FONDA-100-1024x683.jpg\" alt=\"la fonda de benissa\" class=\"wp-image-7715\" srcset=\"https:\/\/grupoterrademar.com\/wp-content\/uploads\/2022\/07\/LA_FONDA-100-1024x683.jpg 1024w, https:\/\/grupoterrademar.com\/wp-content\/uploads\/2022\/07\/LA_FONDA-100-300x200.jpg 300w, https:\/\/grupoterrademar.com\/wp-content\/uploads\/2022\/07\/LA_FONDA-100-768x512.jpg 768w, https:\/\/grupoterrademar.com\/wp-content\/uploads\/2022\/07\/LA_FONDA-100-1536x1024.jpg 1536w, https:\/\/grupoterrademar.com\/wp-content\/uploads\/2022\/07\/LA_FONDA-100-2048x1365.jpg 2048w\" sizes=\"(max-width: 1024px) 100vw, 1024px\" \/><figcaption class=\"wp-element-caption\"><a href=\"https:\/\/grupoterrademar.com\/nl\/de-herberg\/\" data-type=\"page\" data-id=\"3579\">La Fonda de Benissa<\/a>.<\/figcaption><\/figure>\n\n\n\n<p>Un peque\u00f1o pueblo medieval a apenas 15 minutos de Denia, con un casco hist\u00f3rico que te transporta 500 a\u00f1os atr\u00e1s, calas escondidas de agua cristalina, gastronom\u00eda aut\u00e9ntica, casas rurales con encanto, y la tranquilidad rural que no encontrar\u00e1s en la costa masificada.<\/p>\n\n\n\n<p>La opci\u00f3n inteligente del viajero no es simplemente \u00abdormir en Denia\u00bb. Es <strong>pasar la noche anterior disfrutando de Benissa<\/strong>, descansar bien y luego conducir tranquilamente 20 minutos hasta el puerto por la ma\u00f1ana. Todo preparado, sin estr\u00e9s y con la certeza de que pasaste la noche en un lugar aut\u00e9ntico.<\/p>\n\n\n\n<p>Eso es lo que propone Benissa: <strong>la noche perfecta antes de zarpar<\/strong>.<\/p>\n\n\n\n<div style=\"background: #fff3cd; padding: 20px; border-left: 4px solid #ffc107; margin: 25px 0; border-radius: 4px;\">\n  <h4 style=\"margin-top: 0; color: #856404; font-size: 16px;\">\u00bfPor qu\u00e9 no lo hacen todos?<\/h4>\n  <p style=\"margin-bottom: 12px;\">Porque la mayor\u00eda de viajeros no conocen este secreto. Piensan que sus opciones son: dormir en Denia (caro) o conducir de madrugada (cansador).<\/p>\n  <p style=\"margin-bottom: 12px;\"><strong>Benissa existe en ese espacio intermedio que nadie descubre.<\/strong> Es lo suficientemente cerca de Denia para ser pr\u00e1ctico, pero lo suficientemente alejado para ser aut\u00e9ntico.<\/p>\n  <p style=\"margin-bottom: 0;\">Sigue leyendo para descubrir c\u00f3mo organizarte, d\u00f3nde comer, y por qu\u00e9 La Fonda de Benissa es exactamente lo que necesitas la noche antes de tu viaje a las Baleares.<\/p>\n<\/div>\n\n\n\n<h2 class=\"wp-block-heading\">\u00bfPor qu\u00e9 Benissa es la opci\u00f3n perfecta para una noche antes de ferry?<\/h2>\n\n\n\n<h3 class=\"wp-block-heading\">Ubicaci\u00f3n estrat\u00e9gica<\/h3>\n\n\n\n<p>Benissa se encuentra a apenas 15-20 minutos de Denia en coche. <strong>La autov\u00eda conecta ambas localidades de forma r\u00e1pida y directa<\/strong>. Es lo suficientemente cerca para no complicar tu ma\u00f1ana del ferry, pero lo suficientemente lejos de la costa para mantener su autenticidad rural.<\/p>\n\n\n\n<p>Esta ubicaci\u00f3n es el punto de partida perfecto: duermes en un pueblo tranquilo, te despiertas descansado, desayunas sin prisas y tienes tiempo m\u00e1s que suficiente para llegar a Denia y embarcar en el ferry sin estr\u00e9s.<\/p>\n\n\n\n<h3 class=\"wp-block-heading\">Autenticidad medieval sin masificaci\u00f3n<\/h3>\n\n\n\n<p>A diferencia de Denia, que es un destino tur\u00edstico consolidado con todo lo que eso conlleva (masificaci\u00f3n, precios elevados, ambiente de resort), <strong>Benissa mantiene su esencia mediterr\u00e1nea aut\u00e9ntica<\/strong>.<\/p>\n\n\n\n<p><strong>Su casco hist\u00f3rico es uno de los mejor conservados de la provincia de Alicante<\/strong>. Calles empedradas, casas se\u00f1oriales de los siglos XVIII y XIX, balcones de hierro forjado, monumentos con historia: todo aqu\u00ed cuenta una historia.<\/p>\n\n\n\n<p>Es el lugar perfecto para desconectar de verdad antes de una aventura. Una noche en Benissa es realmente diferente.<\/p>\n\n\n\n<h3 class=\"wp-block-heading\">Comodidad rural con servicios<\/h3>\n\n\n\n<p>Aunque es un pueblo, Benissa tiene todo lo que necesitas: restaurantes con gastronom\u00eda aut\u00e9ntica, tiendas, farmacias, supermercados, casas rurales con confort. No est\u00e1s sacrificando comodidad por autenticidad.<\/p>\n\n\n\n<p>Puedes comer bien, dormir c\u00f3modamente en un <a href=\"https:\/\/grupoterrademar.com\/nl\/de-herberg\/\" data-type=\"page\" data-id=\"3579\">alojamiento con car\u00e1cter<\/a> y al d\u00eda siguiente estar fresco y descansado para tu viaje a las Baleares.<\/p>\n\n\n\n<h3 class=\"wp-block-heading\">Experiencia en lugar de pasar la noche<\/h3>\n\n\n\n<p>La diferencia entre dormir en un hotel de Denia y alojarte en Benissa es la diferencia entre pasar una noche y vivir una experiencia.<\/p>\n\n\n\n<p>En Benissa, esa noche anterior al ferry se convierte en algo memorable: paseo medieval, cena en un restaurante rural con arroces caseros, despertar con el sonido de las campanas de la iglesia, desayuno tranquilo y luego hacia el puerto.<\/p>\n\n\n\n<h2 class=\"wp-block-heading\">Benissa: Historia, cultura y autenticidad<\/h2>\n\n\n\n<p>Benissa no es un pueblo cualquiera. Tiene m\u00e1s de 800 a\u00f1os de historia cosida en cada rinc\u00f3n.<\/p>\n\n\n\n<h3 class=\"wp-block-heading\">Un pueblo con historia<\/h3>\n\n\n\n<p>De <strong>ra\u00edces de Benissa<\/strong> se remontan a los siglos IX-X, cuando poblaciones musulmanas (del linaje \u00abBanu-Issa\u00bb, que da origen al nombre) se asentaban en la zona practicando agricultura de subsistencia.<\/p>\n\n\n\n<p>Tras la reconquista cristiana en el siglo XIII, Benissa se convirti\u00f3 en un <strong>importante centro de poder<\/strong>: iglesia-fortaleza defensiva (porque los ataques pirata eran constantes), casas se\u00f1oriales para las familias nobles y estructuras administrativas como la Sala del Consell.<\/p>\n\n\n\n<p>Durante los siglos XVIII y XIX, Benissa fue un centro econ\u00f3mico importante gracias al cultivo de la <strong>uva Moscatel de Alejandr\u00eda<\/strong>, que se transformaba en pasa y se exportaba por toda Europa y que actualmente se puede descubrir cuando vivimos una experiencia de <a href=\"https:\/\/grupoterrademar.com\/nl\/wijntoerisme-in-alicante-met-charmante-accommodatie\/\" data-type=\"post\" data-id=\"10722\">wijntoerisme in Alicante<\/a>. Esa prosperidad qued\u00f3 cristalizada en las hermosas casas palaciegas que hoy paseas en el casco hist\u00f3rico<\/p>\n\n\n\n<h3 class=\"wp-block-heading\">Monumento despu\u00e9s de monumento<\/h3>\n\n\n\n<p>Pasear por Benissa es un viaje guiado por su historia:<\/p>\n\n\n\n<p><strong>La Iglesia de la Pur\u00edsima Xiqueta:<\/strong> conocida como \u00abLa Catedral de la Marina\u00bb por su tama\u00f1o y majestuosidad. Estilo neog\u00f3tico, interior rico en decoraci\u00f3n, vidrieras de colores. Es el monumento m\u00e1s importante del pueblo y domina el horizonte.<\/p>\n\n\n\n<figure class=\"wp-block-image aligncenter size-full\"><img decoding=\"async\" width=\"1000\" height=\"750\" src=\"https:\/\/grupoterrademar.com\/wp-content\/uploads\/2025\/11\/Esglesia-de-la-Purissima-Xiqueta.jpeg\" alt=\"Esgl\u00e9sia de la Pur\u00edssima Xiqueta benissa\" class=\"wp-image-11069\" srcset=\"https:\/\/grupoterrademar.com\/wp-content\/uploads\/2025\/11\/Esglesia-de-la-Purissima-Xiqueta.jpeg 1000w, https:\/\/grupoterrademar.com\/wp-content\/uploads\/2025\/11\/Esglesia-de-la-Purissima-Xiqueta-300x225.jpeg 300w, https:\/\/grupoterrademar.com\/wp-content\/uploads\/2025\/11\/Esglesia-de-la-Purissima-Xiqueta-768x576.jpeg 768w, https:\/\/grupoterrademar.com\/wp-content\/uploads\/2025\/11\/Esglesia-de-la-Purissima-Xiqueta-16x12.jpeg 16w\" sizes=\"(max-width: 1000px) 100vw, 1000px\" \/><figcaption class=\"wp-element-caption\">Esgl\u00e9sia de la Pur\u00edssima Xiqueta. Cr\u00e9dito: Wikimedia<\/figcaption><\/figure>\n\n\n\n<p><strong>El Ayuntamiento (Plaza del Portal):<\/strong> un edificio de 1790 que fue originalmente Hospital Municipal. Hoy es sede de la administraci\u00f3n municipal.<\/p>\n\n\n\n<p><strong>La Sala del Consell:<\/strong> construida a finales del siglo XVI, en estilo renacentista, destaca por los arcos tallados en piedra de su fachada.<\/p>\n\n\n\n<p><strong>Casa Museo Abargues:<\/strong> una casa palaciega del siglo XVIII perfectamente conservada que funciona como museo. Puedes entrar y ver c\u00f3mo viv\u00edan los nobles: muebles de la \u00e9poca, decoraci\u00f3n originales, objetos hist\u00f3ricos. Es como entrar en una m\u00e1quina del tiempo.<\/p>\n\n\n\n<p><strong>Casa de Juan Vives:<\/strong> con una hermosa imagen de la Pur\u00edsima Xiqueta en su fachada, es una joya arquitect\u00f3nica m\u00e1s.<\/p>\n\n\n\n<p><strong>Placeta de l&#8217;Esgl\u00e9sia Vella:<\/strong> quiz\u00e1s el rinc\u00f3n m\u00e1s m\u00e1gico del pueblo, donde estaba la antigua iglesia-fortaleza del siglo XVI. La plaza tiene un aire atemporal.<\/p>\n\n\n\n<h3 class=\"wp-block-heading\">Caminar por el Paseo Ecol\u00f3gico<\/h3>\n\n\n\n<p>Si tienes tiempo por la ma\u00f1ana antes del ferry (o la tarde anterior si llegas temprano), <strong><a href=\"https:\/\/grupoterrademar.com\/nl\/paseo-ecologico-benissa-ruta-calas-guia-completa\/\" data-type=\"post\" data-id=\"10890\">el Paseo Ecol\u00f3gico<\/a><\/strong> es imprescindible.<\/p>\n\n\n\n<p>Es un sendero que recorre los 4 kil\u00f3metros de costa de Benissa, conectando varias calas escondidas, con paneles informativos sobre la flora, fauna e historia local. Bajo en dificultad, vistas espectaculares, ambiente tranquilo. Perfecta para una caminata relajada de 1-2 horas.<\/p>\n\n\n\n<figure class=\"wp-block-image aligncenter size-large\"><img decoding=\"async\" width=\"1024\" height=\"826\" src=\"https:\/\/grupoterrademar.com\/wp-content\/uploads\/2025\/10\/paseo-ecologico-benissa-1024x826.png\" alt=\"guia completa paseo ecologico benissa\" class=\"wp-image-10896\" srcset=\"https:\/\/grupoterrademar.com\/wp-content\/uploads\/2025\/10\/paseo-ecologico-benissa-1024x826.png 1024w, https:\/\/grupoterrademar.com\/wp-content\/uploads\/2025\/10\/paseo-ecologico-benissa-300x242.png 300w, https:\/\/grupoterrademar.com\/wp-content\/uploads\/2025\/10\/paseo-ecologico-benissa-768x620.png 768w, https:\/\/grupoterrademar.com\/wp-content\/uploads\/2025\/10\/paseo-ecologico-benissa-15x12.png 15w, https:\/\/grupoterrademar.com\/wp-content\/uploads\/2025\/10\/paseo-ecologico-benissa.png 1200w\" sizes=\"(max-width: 1024px) 100vw, 1024px\" \/><figcaption class=\"wp-element-caption\">Vistas desde el Paseo Ecol\u00f3gico de Benissa. Cr\u00e9dito: Ludovico Ceroseis en Unsplash<\/figcaption><\/figure>\n\n\n\n<h2 class=\"wp-block-heading\">Log\u00edstica: c\u00f3mo organizarte para la noche en Benissa<\/h2>\n\n\n\n<h3 class=\"wp-block-heading\">Distancia y tiempos<\/h3>\n\n\n\n<ul class=\"wp-block-list\">\n<li><strong>Benissa a Denia:<\/strong> 10-15 minutos en coche por la autopista<\/li>\n\n\n\n<li><strong>Desde Alicante capital a Benissa:<\/strong> ~1 hora en coche <\/li>\n\n\n\n<li><strong>Desde Valencia a Benissa:<\/strong> ~1,5 horas en coche<\/li>\n<\/ul>\n\n\n\n<p>La autopista es directa y bien se\u00f1alizada. No hay complicaciones.<\/p>\n\n\n\n<h3 class=\"wp-block-heading\">Planificaci\u00f3n de la ma\u00f1ana del ferry<\/h3>\n\n\n\n<p>Supongamos que tu ferry sale a las 8 de la ma\u00f1ana desde Denia.<\/p>\n\n\n\n<p><strong>Opci\u00f3n realista:<\/strong><\/p>\n\n\n\n<ul class=\"wp-block-list\">\n<li>6:30 am: Despertar en Benissa<\/li>\n\n\n\n<li>6:45 am: Desayuno r\u00e1pido en tu alojamiento<\/li>\n\n\n\n<li>7:00 am: Salida de Benissa hacia Denia<\/li>\n\n\n\n<li>7:15-7:20 am: Llegada al puerto de Denia<\/li>\n\n\n\n<li>7:20-8:00 am: Tiempo de sobra para aparcar, registrarse, embarcar<\/li>\n<\/ul>\n\n\n\n<p><strong>Con tranquilidad:<\/strong> Tienes tiempo de sobra. No hay prisa. Esto es la belleza de alojarte en Benissa: no necesitas despertarte a las 5 de la ma\u00f1ana.<\/p>\n\n\n\n<h3 class=\"wp-block-heading\">D\u00f3nde aparcar en Benissa<\/h3>\n\n\n\n<p>Hay aparcamiento disponible en varias \u00e1reas del pueblo:<\/p>\n\n\n\n<ul class=\"wp-block-list\">\n<li>Aparcamientos p\u00fablicos cerca del casco hist\u00f3rico<\/li>\n\n\n\n<li>Aparcamiento junto a la Tourist Info en la zona de playa<\/li>\n\n\n\n<li>La mayor\u00eda de casas rurales tienen aparcamiento privado<\/li>\n<\/ul>\n\n\n\n<p>No hay problema de aparcamiento en Benissa. El pueblo no es tan grande como para que sea complicado.<\/p>\n\n\n\n<h2 class=\"wp-block-heading\">Casco hist\u00f3rico: qu\u00e9 ver en 2-3 horas<\/h2>\n\n\n\n<p>Si llegas a Benissa por la tarde (alrededor de las 17:00-18:00 horas), tienes tiempo perfecto para:<\/p>\n\n\n\n<h3 class=\"wp-block-heading\">Recorrido recomendado<\/h3>\n\n\n\n<p><strong>Plaza del Portal (20 min):<\/strong> comienza aqu\u00ed. Es el coraz\u00f3n del pueblo. Ves el Ayuntamiento (antiguo hospital), exploras la plaza, observas la vida local. Aqu\u00ed hay bares y restaurantes si quieres algo de beber mientras te aclimat as.<\/p>\n\n\n\n<p><strong>Casco antiguo: callejuelas (45-60 min):<\/strong> pi\u00e9rdete intencionadamente por las calles empedradas. Cada esquina revela algo: una casa blasonada, un balc\u00f3n de hierro forjado, una placa hist\u00f3rica. No necesitas un mapa, el desorden ordenado del pueblo antiguo es parte del encanto.<\/p>\n\n\n\n<p>Puntos destacables:<\/p>\n\n\n\n<ul class=\"wp-block-list\">\n<li>La Placeta de l&#8217;Esgl\u00e9sia Vella (el lugar m\u00e1s m\u00e1gico)<\/li>\n\n\n\n<li>La Calle Desamparats (donde viv\u00edan las familias nobles)<\/li>\n\n\n\n<li>La Sala del Consell (arquitectura renacentista)<\/li>\n\n\n\n<li>Casa Museo Abargues (si est\u00e1 abierta, vale la pena entrar)<\/li>\n<\/ul>\n\n\n\n<p><strong>La Iglesia de la Pur\u00edsima Xiqueta (20-30 min):<\/strong> sube hasta la iglesia. Las vistas desde aqu\u00ed, especialmente al atardecer, son especiales. El interior es impresionante si logras entrar (generalmente abierta antes de anochecer).<\/p>\n\n\n\n<p><strong>Balc\u00f3 dels Garcies (15 min adicionales si tienes energ\u00eda):<\/strong> un mirador con vistas espectaculares. En d\u00edas claros, ves el Pe\u00f1\u00f3n de Ifach (Calpe). Es fotograf\u00eda de postal.<\/p>\n\n\n\n<p><strong>Total:<\/strong> 2-3 horas de paseo tranquilo. Perfecto para la tarde de llega da.<\/p>\n\n\n\n<h2 class=\"wp-block-heading\">Gastronom\u00eda: las especialidades de Benissa<\/h2>\n\n\n\n<p>La noche anterior al ferry merece una cena de verdad. Benissa tiene tradici\u00f3n gastron\u00f3mica aut\u00e9ntica.<\/p>\n\n\n\n<h3 class=\"wp-block-heading\">Los arroces de Benissa<\/h3>\n\n\n\n<p>Benissa es famosa por sus arroces. No son cualquier paella: son arroces hondos, melosos, caseros, con sabor de tradici\u00f3n.<\/p>\n\n\n\n<p><strong>Arroces especiales:<\/strong><\/p>\n\n\n\n<ul class=\"wp-block-list\">\n<li><strong>Arroz de pulpo con coliflor:<\/strong> cremoso, arom\u00e1tico, con trozos tiernos de pulpo<\/li>\n\n\n\n<li><strong>Paella de Benissa:<\/strong> con productos locales y garbanzos (es la versi\u00f3n del pueblo)<\/li>\n\n\n\n<li><strong>Arroz del Senyoret:<\/strong> versi\u00f3n marinera cl\u00e1sica<\/li>\n<\/ul>\n\n\n\n<p><strong><a href=\"https:\/\/www.benissa.es\/donde-comer\/restaurante-casa-canto\/\" target=\"_blank\" data-type=\"link\" data-id=\"https:\/\/www.benissa.es\/donde-comer\/restaurante-casa-canto\/\" rel=\"noreferrer noopener\">Casa Cant\u00f3 <\/a>es la referencia local<\/strong> para arroces. Es un restaurante r\u00fastico con un ambiente aut\u00e9ntico. Lleva l\u00e1minas de un pintor ilicitano, huele a comida casera, y todo lo que pruebas tiene sabor real.<\/p>\n\n\n\n<h3 class=\"wp-block-heading\">Las cocas: pan y m\u00e1s que pan<\/h3>\n\n\n\n<p>Las \u00abcocas\u00bb son especialidades de la zona: panes rellenos de ingredientes varios. En Benissa son aut\u00e9nticas:<\/p>\n\n\n\n<ul class=\"wp-block-list\">\n<li>Coca de mullaor (aceitunas verdes)<\/li>\n\n\n\n<li>Coca de tomate con at\u00fan<\/li>\n\n\n\n<li>Coca de guisantes<\/li>\n\n\n\n<li>Coca de tomate con cebolla<\/li>\n<\/ul>\n\n\n\n<p>Son perfectas para picar mientras esperas el arroz, o para llevar como snack. Ligeras, sabrosas, aut\u00e9nticas.<\/p>\n\n\n\n<h3 class=\"wp-block-heading\">Otros platos locales<\/h3>\n\n\n\n<ul class=\"wp-block-list\">\n<li><strong>Tomate de Benissa:<\/strong> famoso en la regi\u00f3n. Si lo ves en el men\u00fa, pru\u00e9balo<\/li>\n\n\n\n<li><strong>Productos del mar:<\/strong> pulpo, gambas a la sal, mero<\/li>\n\n\n\n<li><strong>Esgarraet:<\/strong> ensalada tradicional de bacalao, naranja, cebolla<\/li>\n<\/ul>\n\n\n\n<h3 class=\"wp-block-heading\">Recomendaci\u00f3n para la cena<\/h3>\n\n\n\n<p><strong>Come un arroz, especialmente si llegas entre las 19:00 y 21:00 horas<\/strong>, la hora local de cena. Muchos restaurantes los sirven entre estas horas. Disfruta tranquilamente, sin prisas. Ma\u00f1ana temprano estar\u00e1s en el ferry; ahora, aprovecha.<\/p>\n\n\n\n<p><strong>Vino local:<\/strong> Benissa tiene tradici\u00f3n vitivin\u00edcola (Moscatel de Alejandr\u00eda hist\u00f3rico). Si el restaurante tiene vino local, pru\u00e9balo. Es parte de la experiencia.<\/p>\n\n\n\n<h2 class=\"wp-block-heading\">D\u00f3nde alojarte: casas rurales con encanto<\/h2>\n\n\n\n<p>La noche en Benissa debe ser en un lugar aut\u00e9ntico, no en una cadena de hotel gen\u00e9rica. Las casas rurales son la opci\u00f3n perfecta.<\/p>\n\n\n\n<h3 class=\"wp-block-heading\">La Fonda de Benissa<\/h3>\n\n\n\n<p>Es tu opci\u00f3n m\u00e1s obviay m\u00e1s apropiada: <strong>La Fonda de Benissa<\/strong>, que es parte de Grupo Terra de Mar.<\/p>\n\n\n\n<figure class=\"wp-block-image aligncenter size-large\"><img loading=\"lazy\" decoding=\"async\" width=\"1024\" height=\"683\" src=\"https:\/\/grupoterrademar.com\/wp-content\/uploads\/2022\/07\/LA_FONDA-52-1024x683.jpg\" alt=\"LA_FONDA-52\" class=\"wp-image-7773\" srcset=\"https:\/\/grupoterrademar.com\/wp-content\/uploads\/2022\/07\/LA_FONDA-52-1024x683.jpg 1024w, https:\/\/grupoterrademar.com\/wp-content\/uploads\/2022\/07\/LA_FONDA-52-300x200.jpg 300w, https:\/\/grupoterrademar.com\/wp-content\/uploads\/2022\/07\/LA_FONDA-52-768x512.jpg 768w, https:\/\/grupoterrademar.com\/wp-content\/uploads\/2022\/07\/LA_FONDA-52-1536x1024.jpg 1536w, https:\/\/grupoterrademar.com\/wp-content\/uploads\/2022\/07\/LA_FONDA-52-2048x1365.jpg 2048w\" sizes=\"(max-width: 1024px) 100vw, 1024px\" \/><\/figure>\n\n\n\n<p>Ubicada en el coraz\u00f3n del casco hist\u00f3rico, en un edificio restaurado con car\u00e1cter. Ofrece habitaciones c\u00f3modas, ambiente acogedor, personal que conoce la zona, y la posibilidad de desayunar bien para empezar el d\u00eda del ferry con energ\u00eda.<\/p>\n\n\n\n<p>Es perfecta para esta escapada: hist\u00f3rica, aut\u00e9ntica, c\u00f3moda, a dos pasos del paseo medieval.<\/p>\n\n\n\n<h3 class=\"wp-block-heading\">Otras opciones de casas rurales<\/h3>\n\n\n\n<p>Si La Fonda est\u00e1 completa, hay otras casas rurales en Benissa y pueblos muy cercanos (<strong>Teulada, Moraira<\/strong>) que ofrecen ambiente similar, <strong><a href=\"https:\/\/grupoterrademar.com\/nl\/landelijk-huis-ca-sana\/\" data-type=\"page\" data-id=\"9081\">como Ca Sana<\/a><\/strong>:<\/p>\n\n\n\n<ul class=\"wp-block-list\">\n<li>Ambiente rural aut\u00e9ntico<\/li>\n\n\n\n<li>Decoraci\u00f3n con car\u00e1cter hist\u00f3rico<\/li>\n\n\n\n<li>Desayunos de calidad<\/li>\n\n\n\n<li>Ubicaci\u00f3n conveniente<\/li>\n<\/ul>\n\n\n\n<h3 class=\"wp-block-heading\">Consejos para la reserva<\/h3>\n\n\n\n<ul class=\"wp-block-list\">\n<li><strong>Reserva con anticipaci\u00f3n<\/strong> si viajas en temporada alta (julio-agosto, puentes, fines de semana)<\/li>\n\n\n\n<li><strong>Especifica que necesitas desayunar temprano<\/strong> (para el ferry) &#8211; la mayor\u00eda pueden adaptarse<\/li>\n\n\n\n<li><strong>Pide una habitaci\u00f3n bien orientada<\/strong> (norte para fresco, sur para luz)<\/li>\n\n\n\n<li><strong>Comprueba si tienen aparcamiento privado<\/strong> &#8211; importante para la ma\u00f1ana<\/li>\n<\/ul>\n\n\n\n<h2 class=\"wp-block-heading\">Calas y naturaleza: si tienes tiempo extra<\/h2>\n\n\n\n<h3 class=\"wp-block-heading\">Si llegas temprano o tienes tiempo de sobra<\/h3>\n\n\n\n<p><strong>Cala de la Fustera:<\/strong> la m\u00e1s accesible. Arena dorada, agua clara, servicios (duchas, pasarelas). Perfecta para un ba\u00f1o r\u00e1pido.<\/p>\n\n\n\n<p><strong>Cala dels Pinets:<\/strong> peque\u00f1a, recogida, \u00edntima. Arena y cantos rodados. Fondos marinos cristalinos donde ves tomates de mar (an\u00e9monas rojas). Para quienes buscan tranquilidad pura.<\/p>\n\n\n\n<p><strong>Cala del Advocat:<\/strong> con una pasarela de madera que permite pasear sobre el agua. Vistas espectaculares del Mediterr\u00e1neo.<\/p>\n\n\n\n<p><strong>Cala Baladrar:<\/strong> joya natural con aguas turquesas. Rodeada de pinos. Perfecta para snorkel. Excelentes fondos marinos.<\/p>\n\n\n\n<figure class=\"wp-block-image aligncenter size-large\"><img loading=\"lazy\" decoding=\"async\" width=\"1024\" height=\"689\" src=\"https:\/\/grupoterrademar.com\/wp-content\/uploads\/2025\/10\/cala-advocat-benissa-1024x689.jpg\" alt=\"\" class=\"wp-image-10898\" srcset=\"https:\/\/grupoterrademar.com\/wp-content\/uploads\/2025\/10\/cala-advocat-benissa-1024x689.jpg 1024w, https:\/\/grupoterrademar.com\/wp-content\/uploads\/2025\/10\/cala-advocat-benissa-300x202.jpg 300w, https:\/\/grupoterrademar.com\/wp-content\/uploads\/2025\/10\/cala-advocat-benissa-768x516.jpg 768w, https:\/\/grupoterrademar.com\/wp-content\/uploads\/2025\/10\/cala-advocat-benissa-18x12.jpg 18w, https:\/\/grupoterrademar.com\/wp-content\/uploads\/2025\/10\/cala-advocat-benissa.jpg 1200w\" sizes=\"(max-width: 1024px) 100vw, 1024px\" \/><figcaption class=\"wp-element-caption\">Advocaat Baai<\/figcaption><\/figure>\n\n\n\n<h3 class=\"wp-block-heading\">Paseo Ecol\u00f3gico<\/h3>\n\n\n\n<p>Si tienes la ma\u00f1ana antes del ferry, el Paseo Ecol\u00f3gico es obligatorio. 1-2 horas caminando por la costa, paneles informativos sobre flora\/fauna\/historia, aire puro, vistas espectaculares, y sin esfuerzo excesivo.<\/p>\n\n\n\n<p>Es la forma perfecta de desperezarse antes de embarcar rumbo a las Baleares.<\/p>\n\n\n\n<h2 class=\"wp-block-heading\">La ma\u00f1ana del ferry: c\u00f3mo organizarte<\/h2>\n\n\n\n<h3 class=\"wp-block-heading\">Preparativos desde la noche anterior<\/h3>\n\n\n\n<ul class=\"wp-block-list\">\n<li><strong>Prepara tu maleta:<\/strong> no la dejes para la ma\u00f1ana. Hazlo mientras te relaja despu\u00e9s de cenar.<\/li>\n\n\n\n<li><strong>Carga el tel\u00e9fono:<\/strong> importante para GPS, fotos, emergencias<\/li>\n\n\n\n<li><strong>Confirma tu reserva de ferry:<\/strong> llama o verifica online que todo est\u00e1 en orden<\/li>\n\n\n\n<li><strong>Comprueba el pron\u00f3stico del tiempo:<\/strong> por si hay cambios<\/li>\n\n\n\n<li><strong>Revisa la ruta a Denia:<\/strong> aunque es simple, siempre bien revisar<\/li>\n<\/ul>\n\n\n\n<h3 class=\"wp-block-heading\">La ma\u00f1ana<\/h3>\n\n\n\n<ul class=\"wp-block-list\">\n<li><strong>Despierta relajado:<\/strong> tienes tiempo. No es madrugada.<\/li>\n\n\n\n<li><strong>Desayuna bien:<\/strong> caf\u00e9, tostadas, fruta. Energ\u00eda para el viaje.<\/li>\n\n\n\n<li><strong>Revisa una \u00faltima vez:<\/strong> pasaporte, documentos, billetes.<\/li>\n\n\n\n<li><strong>Disfruta el paseo a Denia:<\/strong> son 15 minutos. La carretera es bonita. No tienes estr\u00e9s.<\/li>\n\n\n\n<li><strong>Llega con 45 minutos de anticipaci\u00f3n:<\/strong> el puerto requiere tiempo para parking, registro, embarque.<\/li>\n<\/ul>\n\n\n\n<h3 class=\"wp-block-heading\">En el puerto de Denia<\/h3>\n\n\n\n<ul class=\"wp-block-list\">\n<li>Aparca en zona de corta estancia<\/li>\n\n\n\n<li>Ve a mostrador de tu compa\u00f1\u00eda de ferry<\/li>\n\n\n\n<li>Presenta documentaci\u00f3n y billete<\/li>\n\n\n\n<li>Sigue indicaciones de embarque<\/li>\n\n\n\n<li>Z\u00e1rpate hacia las Baleares descansado y tranquilo<\/li>\n<\/ul>\n\n\n\n<h2 class=\"wp-block-heading\">Experiencias complementarias: si quieres extender<\/h2>\n\n\n\n<h3 class=\"wp-block-heading\">Si tienes un d\u00eda extra<\/h3>\n\n\n\n<p><strong><a href=\"https:\/\/grupoterrademar.com\/nl\/mejor-epoca-subir-sierra-bernia-clima-condiciones\/\" data-type=\"post\" data-id=\"10872\">Senderismo Sierra de Bernia:<\/a><\/strong> ruta de monta\u00f1a cl\u00e1sica de la zona. Vistas de 360 grados. 4-5 horas.<\/p>\n\n\n\n<p><strong>Ruta de las Ermitas:<\/strong> seis ermitas repartidas por el territorio rural de Benissa. Puedes hacerlas en bicicleta el\u00e9ctrica o coche.<\/p>\n\n\n\n<p><strong>Snorkel:<\/strong> las calas de Benissa son perfectas para esnorquel. Si traes equipamiento (o rentas en la playa), es experiencia inolvidable.<\/p>\n\n\n\n<p><strong>Visita a Pe\u00f1\u00f3n de Ifach (Calpe):<\/strong> 15 minutos en coche desde Benissa. Senderismo en un monumento geol\u00f3gico espectacular.<\/p>\n\n\n\n<h3 class=\"wp-block-heading\">Si tienes d\u00edas en las Baleares<\/h3>\n\n\n\n<p>Esta noche en Benissa es simplemente el pr\u00f3logo. Las Baleares son el evento principal. Disfruta de las islas como corresponde: playas, calas, pueblos, gastronom\u00eda mallorquina o ibicenca.<\/p>\n\n\n\n<hr class=\"wp-block-separator has-alpha-channel-opacity\"\/>\n\n\n\n<h2 class=\"wp-block-heading\">Preguntas frecuentes<\/h2>\n\n\n<div id=\"rank-math-faq\" class=\"rank-math-block\">\n<div class=\"rank-math-list\">\n<div id=\"faq-question-1763127466423\" class=\"rank-math-list-item\">\n<h3 class=\"rank-math-question\">\u00bfEs verdad que los ferrys salen tan temprano desde Denia?<\/h3>\n<div class=\"rank-math-answer\">\n\n<p>S\u00ed, muchos salen a primera hora de la ma\u00f1ana (entre 7:00 y 9:00 am seg\u00fan la temporada y destino). Algunos tambi\u00e9n tienen salidas por la tarde. Verifica tu billete.<\/p>\n\n<\/div>\n<\/div>\n<div id=\"faq-question-1763127479916\" class=\"rank-math-list-item\">\n<h3 class=\"rank-math-question\">\u00bfBenissa est\u00e1 completamente en la monta\u00f1a o tiene acceso al mar?<\/h3>\n<div class=\"rank-math-answer\">\n\n<p>Benissa tiene dos zonas: el pueblo antiguo est\u00e1 en la monta\u00f1a (a unos 150m de altitud) y el \u00e1rea costera est\u00e1 al nivel del mar. Ambas est\u00e1n bien comunicadas (5-10 min en coche).<\/p>\n\n<\/div>\n<\/div>\n<div id=\"faq-question-1763127485433\" class=\"rank-math-list-item\">\n<h3 class=\"rank-math-question\">\u00bfEs realmente seguro dejar el coche en un aparcamiento de Denia mientras estoy en las Baleares?<\/h3>\n<div class=\"rank-math-answer\">\n\n<p>S\u00ed, el puerto de Denia tiene aparcamiento seguro vigilado. Aunque es m\u00e1s caro que aparcamiento de calle, es la opci\u00f3n recomendable si te vas varios d\u00edas. Alternativamente, algunos alojamientos en Benissa ofrecen dejar el coche all\u00ed por una peque\u00f1a tarifa.<\/p>\n\n<\/div>\n<\/div>\n<div id=\"faq-question-1763127495133\" class=\"rank-math-list-item\">\n<h3 class=\"rank-math-question\">\u00bfHabr\u00eda problema si quiero desayunar muy temprano en mi alojamiento?<\/h3>\n<div class=\"rank-math-answer\">\n\n<p>No. La mayor\u00eda de casas rurales pueden preparar un desayuno temprano si avisan con anticipaci\u00f3n. Es importante confirmarlo en la reserva.<\/p>\n\n<\/div>\n<\/div>\n<div id=\"faq-question-1763127503330\" class=\"rank-math-list-item\">\n<h3 class=\"rank-math-question\">\u00bfCu\u00e1nto es el trayecto Benissa-Denia en coche?<\/h3>\n<div class=\"rank-math-answer\">\n\n<p>Aproximadamente 15-20 minutos por la autopista CV-720. Es directo y sin complicaciones.<\/p>\n\n<\/div>\n<\/div>\n<div id=\"faq-question-1763127526023\" class=\"rank-math-list-item\">\n<h3 class=\"rank-math-question\">\u00bfSi me pierdo en Benissa, es f\u00e1cil encontrar mi camino?<\/h3>\n<div class=\"rank-math-answer\">\n\n<p>Benissa es un pueblo peque\u00f1o, no es posible perderse de forma peligrosa. El peor caso es que das una vuelta m\u00e1s de la necesaria. Es parte del encanto.<\/p>\n\n<\/div>\n<\/div>\n<div id=\"faq-question-1763127532150\" class=\"rank-math-list-item\">\n<h3 class=\"rank-math-question\">\u00bfBenissa es segura para visitar de noche?<\/h3>\n<div class=\"rank-math-answer\">\n\n<p>S\u00ed, absolutamente. Es un pueblo rural tranquilo. Como en cualquier lugar, aplica sentido com\u00fan b\u00e1sico, pero no hay problema de seguridad.<\/p>\n\n<\/div>\n<\/div>\n<div id=\"faq-question-1763127538353\" class=\"rank-math-list-item\">\n<h3 class=\"rank-math-question\">\u00bfPuedo alquilar un coche en Denia y devolverlo despu\u00e9s de mi viaje a Baleares?<\/h3>\n<div class=\"rank-math-answer\">\n\n<p>Algunos servicios de alquiler ofrecen devoluci\u00f3n en diferentes localidades. Verifica con tu compa\u00f1\u00eda de alquiler. Alternativamente, alquila en Benissa (opciones locales disponibles).<\/p>\n\n<\/div>\n<\/div>\n<div id=\"faq-question-1763127557162\" class=\"rank-math-list-item\">\n<h3 class=\"rank-math-question\">\u00bfHay vuelos directos desde Baleares de vuelta a Costa Blanca?<\/h3>\n<div class=\"rank-math-answer\">\n\n<p>La mayor\u00eda de gente vuelve por ferry desde donde parti\u00f3. Hay vuelos desde Baleares a Alicante\/Valencia, pero son m\u00e1s caros. El ferry es la opci\u00f3n m\u00e1s com\u00fan.<\/p>\n\n<\/div>\n<\/div>\n<div id=\"faq-question-1763127563360\" class=\"rank-math-list-item\">\n<h3 class=\"rank-math-question\">\u00bfBenissa tiene WiFi en los alojamientos?<\/h3>\n<div class=\"rank-math-answer\">\n\n<p>S\u00ed, todos los alojamientos serios tienen WiFi. Confirma en la reserva si es importante para ti.<\/p>\n\n<\/div>\n<\/div>\n<div id=\"faq-question-1763127577057\" class=\"rank-math-list-item\">\n<h3 class=\"rank-math-question\">\u00bfNecesito coche para disfrutar de Benissa?<\/h3>\n<div class=\"rank-math-answer\">\n\n<p>Para una noche sola, no necesariamente. Puedes caminar por el casco hist\u00f3rico, comer en un restaurante local y descansar. Pero si quieres explorar calas o hacer el Paseo Ecol\u00f3gico, el coche es \u00fatil.<\/p>\n\n<\/div>\n<\/div>\n<\/div>\n<\/div>\n\n\n<hr class=\"wp-block-separator has-alpha-channel-opacity\"\/>\n\n\n\n<h2 class=\"wp-block-heading\">Resumen de log\u00edstica<\/h2>\n\n\n\n<table style=\"width: 100%; border-collapse: collapse; margin: 20px 0;\">\n  <thead>\n    <tr style=\"background-color: #f0e6d2; border-bottom: 2px solid #c19a6b;\">\n      <th style=\"padding: 12px; text-align: left; border: 1px solid #ddd;\">Aspecto<\/th>\n      <th style=\"padding: 12px; text-align: center; border: 1px solid #ddd;\">Detalles<\/th>\n    <\/tr>\n  <\/thead>\n  <tbody>\n    <tr style=\"background-color: #fafaf8;\">\n      <td style=\"padding: 12px; border: 1px solid #ddd; font-weight: bold;\">Distancia Benissa-Denia<\/td>\n      <td style=\"padding: 12px; text-align: center; border: 1px solid #ddd;\">10-15 minutos en coche<\/td>\n    <\/tr>\n    <tr>\n      <td style=\"padding: 12px; border: 1px solid #ddd; font-weight: bold;\">Tiempo de llegada recomendado<\/td>\n      <td style=\"padding: 12px; text-align: center; border: 1px solid #ddd;\">17:00-18:00 (tarde)<\/td>\n    <\/tr>\n    <tr style=\"background-color: #fafaf8;\">\n      <td style=\"padding: 12px; border: 1px solid #ddd; font-weight: bold;\">Paseo hist\u00f3rico<\/td>\n      <td style=\"padding: 12px; text-align: center; border: 1px solid #ddd;\">2-3 horas<\/td>\n    <\/tr>\n    <tr>\n      <td style=\"padding: 12px; border: 1px solid #ddd; font-weight: bold;\">Cena recomendada<\/td>\n      <td style=\"padding: 12px; text-align: center; border: 1px solid #ddd;\">19:00-21:00 (arroces)<\/td>\n    <\/tr>\n    <tr style=\"background-color: #fafaf8;\">\n      <td style=\"padding: 12px; border: 1px solid #ddd; font-weight: bold;\">Despertar (ferry 8am)<\/td>\n      <td style=\"padding: 12px; text-align: center; border: 1px solid #ddd;\">6:30-7:00 am<\/td>\n    <\/tr>\n    <tr>\n      <td style=\"padding: 12px; border: 1px solid #ddd; font-weight: bold;\">Desayuno en alojamiento<\/td>\n      <td style=\"padding: 12px; text-align: center; border: 1px solid #ddd;\">6:45-7:15 am<\/td>\n    <\/tr>\n    <tr style=\"background-color: #fafaf8;\">\n      <td style=\"padding: 12px; border: 1px solid #ddd; font-weight: bold;\">Salida a Denia<\/td>\n      <td style=\"padding: 12px; text-align: center; border: 1px solid #ddd;\">7:00 am<\/td>\n    <\/tr>\n    <tr>\n      <td style=\"padding: 12px; border: 1px solid #ddd; font-weight: bold;\">Llegada puerto Denia<\/td>\n      <td style=\"padding: 12px; text-align: center; border: 1px solid #ddd;\">7:15-7:20 am<\/td>\n    <\/tr>\n    <tr style=\"background-color: #fafaf8;\">\n      <td style=\"padding: 12px; border: 1px solid #ddd; font-weight: bold;\">Tiempo buffer<\/td>\n      <td style=\"padding: 12px; text-align: center; border: 1px solid #ddd;\">40-45 minutos (m\u00e1s que suficiente)<\/td>\n    <\/tr>\n  <\/tbody>\n<\/table>\n\n\n\n<h2 class=\"wp-block-heading\">Benissa: M\u00e1s que una noche, una experiencia<\/h2>\n\n\n\n<p>La noche anterior a un ferry hacia las Baleares podr\u00eda ser simplemente&#8230; una noche de sue\u00f1o en un hotel. Aburrida, olvidable, gen\u00e9rica.<\/p>\n\n\n\n<p>O podr\u00eda ser exactamente lo que es Benissa: <strong>una inmersi\u00f3n en la autenticidad mediterr\u00e1nea<\/strong>, una cena memorable en un pueblo con encanto, un descanso reparador y la tranquilidad de saber que tienes todo planeado sin estr\u00e9s.<\/p>\n\n\n\n<p>Benissa no es un atajo. Es una decisi\u00f3n consciente del viajero inteligente que entiende que el viaje no comienza cuando subes al ferry. Comienza la noche anterior, cuando paseas por callejuelas empedradas con 500 a\u00f1os de historia, cuando pruebas arroces caseros servidos con cari\u00f1o, cuando te despiertas con el sonido de campanas de iglesia medieval.<\/p>\n\n\n\n<p>Esa es la magia de Benissa: logra ser simult\u00e1neamente pr\u00e1ctica (cerca de Denia, accesible, c\u00f3moda) y aut\u00e9ntica (pueblo medieval de verdad, sin artificios, sin masificaci\u00f3n).<\/p>\n\n\n\n<p>Para la ma\u00f1ana del ferry, estar\u00e1s descansado, tranquilo y con los recuerdos de una noche memorable en tu equipaje.<\/p>\n\n\n\n<hr class=\"wp-block-separator has-alpha-channel-opacity\"\/>\n\n\n\n<h2 class=\"wp-block-heading\">Tu itinerario perfecto<\/h2>\n\n\n\n<ol class=\"wp-block-list\">\n<li><strong>Tarde anterior:<\/strong> llega a Benissa (17:00-18:00)<\/li>\n\n\n\n<li><strong>Paseo hist\u00f3rico:<\/strong> 2-3 horas explorando casco antiguo<\/li>\n\n\n\n<li><strong>Cena:<\/strong> arroz casero en restaurante local (19:00-21:00)<\/li>\n\n\n\n<li><strong>Descanso:<\/strong> duerme en La Fonda o casa rural<\/li>\n\n\n\n<li><strong>Ma\u00f1ana:<\/strong> desayuno temprano, salida tranquila a Denia<\/li>\n\n\n\n<li><strong>Ferry:<\/strong> embarque sin estr\u00e9s hacia las Baleares<\/li>\n\n\n\n<li><strong>Recuerdos:<\/strong> de una noche aut\u00e9ntica, no de un hotel an\u00f3nimo<\/li>\n<\/ol>\n\n\n\n<p>Benissa te espera.<\/p>\n\n\n\n<div style=\"background: #e8f5e9; padding: 25px; border-left: 4px solid #4caf50; margin: 30px 0; border-radius: 4px;\">\n  <h3 style=\"margin-top: 0; color: #2e7d32;\">Tu noche perfecta antes de zarpar hacia las Baleares<\/h3>\n  <p>La noche anterior a un ferry no tiene que ser una simple parada t\u00e9cnica. Al\u00f3jate en <strong>La Fonda de Benissa<\/strong>, ubicada en el coraz\u00f3n del casco hist\u00f3rico de este pueblo medieval aut\u00e9ntico. Desayuna bien, camina por calles empedradas de 500 a\u00f1os de antig\u00fcedad, prueba arroces caseros, y descansa tranquilo sabiendo que tienes solo 15 minutos de coche hasta Denia.<\/p>\n  <p>A diferencia de un hotel gen\u00e9rico, La Fonda te ofrece una experiencia real: historia, autenticidad, gastronom\u00eda local, y la tranquilidad rural que necesitas antes de tu aventura a las Baleares. Todo preparado para que tu ma\u00f1ana del ferry sea relajada, no estresante.<\/p>\n  <p style=\"margin-bottom: 0;\"><a href=\"\/nl\/la-fonda-benissa\/\" style=\"background: #4caf50; color: white; padding: 12px 24px; text-decoration: none; border-radius: 5px; display: inline-block; font-weight: bold;\">Descubre La Fonda de Benissa \u2192<\/a><\/p>\n<\/div>","protected":false},"excerpt":{"rendered":"<p>Benissa como base inteligente antes de ferry a Baleares. Pueblo medieval aut\u00e9ntico, gastronom\u00eda local, calas paradis\u00edacas. A solo 15 min de Denia. C\u00f3mo organizarte, qu\u00e9 ver, d\u00f3nde comer. Gu\u00eda completa 2025.<\/p>","protected":false},"author":1,"featured_media":11070,"comment_status":"open","ping_status":"open","sticky":false,"template":"","format":"standard","meta":{"footnotes":""},"categories":[72,75],"tags":[],"class_list":["post-11067","post","type-post","status-publish","format-standard","has-post-thumbnail","hentry","category-benissa","category-costa-blanca"],"_links":{"self":[{"href":"https:\/\/grupoterrademar.com\/nl\/wp-json\/wp\/v2\/posts\/11067","targetHints":{"allow":["GET"]}}],"collection":[{"href":"https:\/\/grupoterrademar.com\/nl\/wp-json\/wp\/v2\/posts"}],"about":[{"href":"https:\/\/grupoterrademar.com\/nl\/wp-json\/wp\/v2\/types\/post"}],"author":[{"embeddable":true,"href":"https:\/\/grupoterrademar.com\/nl\/wp-json\/wp\/v2\/users\/1"}],"replies":[{"embeddable":true,"href":"https:\/\/grupoterrademar.com\/nl\/wp-json\/wp\/v2\/comments?post=11067"}],"version-history":[{"count":2,"href":"https:\/\/grupoterrademar.com\/nl\/wp-json\/wp\/v2\/posts\/11067\/revisions"}],"predecessor-version":[{"id":11071,"href":"https:\/\/grupoterrademar.com\/nl\/wp-json\/wp\/v2\/posts\/11067\/revisions\/11071"}],"wp:featuredmedia":[{"embeddable":true,"href":"https:\/\/grupoterrademar.com\/nl\/wp-json\/wp\/v2\/media\/11070"}],"wp:attachment":[{"href":"https:\/\/grupoterrademar.com\/nl\/wp-json\/wp\/v2\/media?parent=11067"}],"wp:term":[{"taxonomy":"category","embeddable":true,"href":"https:\/\/grupoterrademar.com\/nl\/wp-json\/wp\/v2\/categories?post=11067"},{"taxonomy":"post_tag","embeddable":true,"href":"https:\/\/grupoterrademar.com\/nl\/wp-json\/wp\/v2\/tags?post=11067"}],"curies":[{"name":"wp","href":"https:\/\/api.w.org\/{rel}","templated":true}]}}