{"id":10883,"date":"2025-10-06T11:30:04","date_gmt":"2025-10-06T11:30:04","guid":{"rendered":"https:\/\/grupoterrademar.com\/?p=10883"},"modified":"2025-10-06T11:30:06","modified_gmt":"2025-10-06T11:30:06","slug":"rutas-de-ciclismo-en-benissa-las-mejores-rutas-en-bici-por-la-costa-blanca","status":"publish","type":"post","link":"https:\/\/grupoterrademar.com\/nl\/rutas-de-ciclismo-en-benissa-las-mejores-rutas-en-bici-por-la-costa-blanca\/","title":{"rendered":"Rutas de ciclismo en Benissa: las mejores rutas en bici por la Costa Blanca"},"content":{"rendered":"<p>Si <strong>eres ciclista<\/strong> y buscas un destino con <strong>clima mediterr\u00e1neo, carreteras variadas y paisajes espectaculares, Benissa se convertir\u00e1 en tu base perfecta<\/strong> para rodar por la Costa Blanca. Situada estrat\u00e9gicamente entre Calp y Altea, esta localidad alicantina ofrece acceso directo a algunas de las rutas m\u00e1s codiciadas por ciclistas de toda Europa.<\/p>\n\n\n\n<p>En esta gu\u00eda completa descubrir\u00e1s las <strong>mejores rutas de ciclismo desde Benissa<\/strong>, con informaci\u00f3n detallada sobre dificultad, desnivel, puntos de inter\u00e9s y consejos pr\u00e1cticos. Tanto si buscas entrenamientos exigentes como salidas tranquilas por la costa, aqu\u00ed encontrar\u00e1s opciones para todos los niveles.<\/p>\n\n\n\n<h2 class=\"wp-block-heading\">Por qu\u00e9 Benissa es el destino perfecto para ciclistas<\/h2>\n\n\n\n<p>Benissa re\u00fane las caracter\u00edsticas ideales que todo ciclista busca en un destino de entrenamiento o cicloturismo:<\/p>\n\n\n\n<p><strong>Ubicaci\u00f3n estrat\u00e9gica<\/strong>: situada en el coraz\u00f3n de la Costa Blanca, Benissa conecta directamente con las mejores carreteras de la zona. A pocos kil\u00f3metros tienes acceso al Col de Rates, <strong><a href=\"https:\/\/grupoterrademar.com\/nl\/mejor-epoca-subir-sierra-bernia-clima-condiciones\/\">la subida al Bernia<\/a><\/strong>, las rutas costeras hacia <strong><a href=\"https:\/\/grupoterrademar.com\/nl\/romantisch-weekend-in-moraira-teulada-landelijk-huis-met-charme\/\">Moraira<\/a><\/strong> y los valles interiores de Jal\u00f3n y Parcent.<\/p>\n\n\n\n<p><strong>Clima excepcional<\/strong>: con m\u00e1s de 300 d\u00edas de sol al a\u00f1o y temperaturas suaves incluso en invierno (12-18\u00b0C de media entre noviembre y marzo), Benissa permite rodar pr\u00e1cticamente todo el a\u00f1o. Mientras en el norte de Europa nieva, aqu\u00ed puedes acumular kil\u00f3metros con manga corta.<\/p>\n\n\n\n<p><strong>Carreteras variadas<\/strong>: desde rutas llanas por la costa hasta puertos de monta\u00f1a exigentes, pasando por valles interiores ondulados. La variedad de perfiles permite entrenamientos completos sin desplazarte lejos de tu base.<\/p>\n\n\n\n<p><strong>Menos tr\u00e1fico que Calp o Benidorm<\/strong>: aunque est\u00e1 cerca de zonas tur\u00edsticas, <strong>Benissa mantiene un car\u00e1cter m\u00e1s tranquilo<\/strong>. Las carreteras secundarias tienen menos densidad de veh\u00edculos, especialmente entre octubre y mayo.<\/p>\n\n\n\n<p><strong>Comunidad ciclista activa<\/strong>: la zona cuenta con varios clubs locales, tiendas especializadas y una cultura arraigada del ciclismo. Es f\u00e1cil encontrar grupos para rodar o conseguir asistencia t\u00e9cnica si la necesitas.<\/p>\n\n\n\n<h2 class=\"wp-block-heading\">Las 5 mejores rutas de ciclismo desde Benissa<\/h2>\n\n\n\n<h3 class=\"wp-block-heading\">Tabla comparativa de rutas<\/h3>\n\n\n\n<p>Para ayudarte a elegir la ruta m\u00e1s adecuada seg\u00fan tu nivel, tiempo disponible y objetivos de entrenamiento, aqu\u00ed tienes una tabla comparativa con las principales caracter\u00edsticas de cada ruta:<\/p>\n\n\n\n<table style=\"width: 100%; border-collapse: collapse; margin: 30px 0;\">\n<thead>\n<tr style=\"background-color: #ff6b35; color: white;\">\n<th style=\"padding: 12px; text-align: left; border: 1px solid #ddd;\">Ruta<\/th>\n<th style=\"padding: 12px; text-align: center; border: 1px solid #ddd;\">Distancia<\/th>\n<th style=\"padding: 12px; text-align: center; border: 1px solid #ddd;\">Desnivel<\/th>\n<th style=\"padding: 12px; text-align: center; border: 1px solid #ddd;\">Dificultad<\/th>\n<th style=\"padding: 12px; text-align: center; border: 1px solid #ddd;\">Tiempo estimado<\/th>\n<th style=\"padding: 12px; text-align: left; border: 1px solid #ddd;\">Tipo de terreno<\/th>\n<th style=\"padding: 12px; text-align: left; border: 1px solid #ddd;\">Mejor para<\/th>\n<\/tr>\n<\/thead>\n<tbody>\n<tr style=\"background-color: #f9f9f9;\">\n<td style=\"padding: 12px; border: 1px solid #ddd;\"><strong>1. Costera Benissa-Moraira<\/strong><\/td>\n<td style=\"padding: 12px; text-align: center; border: 1px solid #ddd;\">32 km<\/td>\n<td style=\"padding: 12px; text-align: center; border: 1px solid #ddd;\">280m<\/td>\n<td style=\"padding: 12px; text-align: center; border: 1px solid #ddd;\">F\u00e1cil<\/td>\n<td style=\"padding: 12px; text-align: center; border: 1px solid #ddd;\">1h 30min &#8211; 2h<\/td>\n<td style=\"padding: 12px; border: 1px solid #ddd;\">Llano con ondulaciones<\/td>\n<td style=\"padding: 12px; border: 1px solid #ddd;\">Calentamiento, recuperaci\u00f3n, principiantes<\/td>\n<\/tr>\n<tr>\n<td style=\"padding: 12px; border: 1px solid #ddd;\"><strong>2. Col de Rates<\/strong><\/td>\n<td style=\"padding: 12px; text-align: center; border: 1px solid #ddd;\">48 km<\/td>\n<td style=\"padding: 12px; text-align: center; border: 1px solid #ddd;\">850m<\/td>\n<td style=\"padding: 12px; text-align: center; border: 1px solid #ddd;\">Media-Alta<\/td>\n<td style=\"padding: 12px; text-align: center; border: 1px solid #ddd;\">2h 30min &#8211; 3h 15min<\/td>\n<td style=\"padding: 12px; border: 1px solid #ddd;\">Puerto de monta\u00f1a<\/td>\n<td style=\"padding: 12px; border: 1px solid #ddd;\">Entrenamiento intenso, ciclistas experimentados<\/td>\n<\/tr>\n<tr style=\"background-color: #f9f9f9;\">\n<td style=\"padding: 12px; border: 1px solid #ddd;\"><strong>3. Interior valles<\/strong><\/td>\n<td style=\"padding: 12px; text-align: center; border: 1px solid #ddd;\">58 km<\/td>\n<td style=\"padding: 12px; text-align: center; border: 1px solid #ddd;\">620m<\/td>\n<td style=\"padding: 12px; text-align: center; border: 1px solid #ddd;\">Media<\/td>\n<td style=\"padding: 12px; text-align: center; border: 1px solid #ddd;\">2h 30min &#8211; 3h<\/td>\n<td style=\"padding: 12px; border: 1px solid #ddd;\">Ondulado constante<\/td>\n<td style=\"padding: 12px; border: 1px solid #ddd;\">Resistencia, fondo, grupos mixtos<\/td>\n<\/tr>\n<tr>\n<td style=\"padding: 12px; border: 1px solid #ddd;\"><strong>4. Gran ruta Guadalest<\/strong><\/td>\n<td style=\"padding: 12px; text-align: center; border: 1px solid #ddd;\">85 km<\/td>\n<td style=\"padding: 12px; text-align: center; border: 1px solid #ddd;\">1.450m<\/td>\n<td style=\"padding: 12px; text-align: center; border: 1px solid #ddd;\">Alta<\/td>\n<td style=\"padding: 12px; text-align: center; border: 1px solid #ddd;\">4h &#8211; 5h<\/td>\n<td style=\"padding: 12px; border: 1px solid #ddd;\">Monta\u00f1a exigente<\/td>\n<td style=\"padding: 12px; border: 1px solid #ddd;\">Ciclistas entrenados, objetivos deportivos<\/td>\n<\/tr>\n<tr style=\"background-color: #f9f9f9;\">\n<td style=\"padding: 12px; border: 1px solid #ddd;\"><strong>5. Familiar calas<\/strong><\/td>\n<td style=\"padding: 12px; text-align: center; border: 1px solid #ddd;\">16 km<\/td>\n<td style=\"padding: 12px; text-align: center; border: 1px solid #ddd;\">180m<\/td>\n<td style=\"padding: 12px; text-align: center; border: 1px solid #ddd;\">Muy F\u00e1cil<\/td>\n<td style=\"padding: 12px; text-align: center; border: 1px solid #ddd;\">45min &#8211; 1h 15min<\/td>\n<td style=\"padding: 12px; border: 1px solid #ddd;\">Llano ligero<\/td>\n<td style=\"padding: 12px; border: 1px solid #ddd;\">Familias, cicloturismo, descanso activo<\/td>\n<\/tr>\n<\/tbody>\n<\/table>\n\n<div style=\"background-color: #e8f5e9; padding: 20px; border-left: 4px solid #4caf50; margin: 20px 0;\">\n<h4 style=\"margin-top: 0;\">C\u00f3mo usar esta tabla:<\/h4>\n<ul style=\"margin-bottom: 0;\">\n<li><strong>Si es tu primera salida:<\/strong> Empieza con la ruta 5 (familiar) o ruta 1 (costera) para conocer el terreno<\/li>\n<li><strong>Para entrenamientos de calidad:<\/strong> Col de Rates (ruta 2) o gran ruta Guadalest (ruta 4)<\/li>\n<li><strong>D\u00edas de recuperaci\u00f3n activa:<\/strong> Ruta 1 o ruta 5, rodando suave<\/li>\n<li><strong>Entrenamiento de fondo:<\/strong> Ruta 3 (interior valles) con ritmo constante<\/li>\n<li><strong>Salidas en grupo mixto:<\/strong> Ruta 1 o ruta 3, aptas para diferentes niveles<\/li>\n<\/ul>\n<\/div>\n\n\n\n<h3 class=\"wp-block-heading\">Ruta 1: costera Benissa &#8211; Moraira &#8211; Teulada (ruta f\u00e1cil, 32 km)<\/h3>\n\n\n\n<p><strong>Perfil<\/strong>: llano con peque\u00f1as ondulaciones | <strong>Desnivel acumulado<\/strong>: 280m | <strong>Dificultad<\/strong>: F\u00e1cil | <strong>Tiempo estimado<\/strong>: 1h 30min &#8211; 2h<\/p>\n\n\n\n<p>Esta ruta es perfecta para calentar, para d\u00edas de recuperaci\u00f3n o para ciclistas que empiezan. Recorre la costa desde Benissa hasta Moraira y vuelve por el interior pasando por Teulada.<\/p>\n\n\n\n<p><strong>Recorrido detallado<\/strong>:<\/p>\n\n\n\n<ul class=\"wp-block-list\">\n<li>Salida desde el casco antiguo de Benissa<\/li>\n\n\n\n<li>Descenso por la CV-746 hacia Benissa costa (3 km)<\/li>\n\n\n\n<li>Giro a la derecha por carretera costera hacia Moraira (8 km de paisajes mar\u00edtimos)<\/li>\n\n\n\n<li>Entrada a Moraira por el puerto deportivo<\/li>\n\n\n\n<li>Vuelta por el interior: Moraira &#8211; Teulada por la CV-746 (8 km con ligeras subidas)<\/li>\n\n\n\n<li>Desde Teulada, regreso a Benissa casco antiguo (10 km suave bajada)<\/li>\n<\/ul>\n\n\n\n<p><strong>Puntos de inter\u00e9s<\/strong>:<\/p>\n\n\n\n<ul class=\"wp-block-list\">\n<li>Calas de Benissa: Cala Advocat, Cala Fustera<\/li>\n\n\n\n<li>Puerto de Moraira: parada caf\u00e9 con vistas<\/li>\n\n\n\n<li>Castillo de Moraira (s. XVIII)<\/li>\n\n\n\n<li>Teulada casco hist\u00f3rico<\/li>\n<\/ul>\n\n\n\n<p><strong>Consejos<\/strong>:<\/p>\n\n\n\n<ul class=\"wp-block-list\">\n<li>Ideal para primera salida de reconocimiento<\/li>\n\n\n\n<li>Perfecta para hacer temprano (7-8h) antes del tr\u00e1fico costero<\/li>\n\n\n\n<li>En verano, evitar horas centrales del d\u00eda por calor<\/li>\n\n\n\n<li>Muchos miradores para fotos<\/li>\n<\/ul>\n\n\n\n<h3 class=\"wp-block-heading\">Ruta 2: Col de Rates desde Benissa (ruta media-alta, 48 km)<\/h3>\n\n\n\n<p><strong>Perfil<\/strong>: puerto de 1\u00aa categor\u00eda | <strong>Desnivel acumulado<\/strong>: 850m | <strong>Dificultad<\/strong>: Media-Alta | <strong>Tiempo estimado<\/strong>: 2h 30min &#8211; 3h 15min<\/p>\n\n\n\n<p>El Col de Rates es uno de los puertos m\u00edticos del ciclismo espa\u00f1ol. Esta subida de 6 km al 5,8% de pendiente media es exigente pero accesible para <strong>ciclistas con preparaci\u00f3n media<\/strong>. Las vistas desde la cima justifican cada pedalada.<\/p>\n\n\n\n<p><strong>Recorrido detallado<\/strong>:<\/p>\n\n\n\n<ul class=\"wp-block-list\">\n<li>Salida Benissa direcci\u00f3n Jal\u00f3n por CV-750 (12 km ondulados)<\/li>\n\n\n\n<li>Entrada al valle de Jal\u00f3n (plano, 3 km)<\/li>\n\n\n\n<li>Inicio subida Col de Rates desde Parcent (km 0 del puerto)<\/li>\n\n\n\n<li>Ascenso: 6 km al 5,8% medio (rampas al 9-10%)<\/li>\n\n\n\n<li>Cima Col de Rates (626m altitud)<\/li>\n\n\n\n<li>Descenso t\u00e9cnico hacia Pedreguer (cuidado con curvas)<\/li>\n\n\n\n<li>Regreso a Benissa por CV-749 y CV-750 (ondulado)<\/li>\n<\/ul>\n\n\n\n<p><strong>Perfil de la subida<\/strong>:<\/p>\n\n\n\n<ul class=\"wp-block-list\">\n<li>0-2 km: 5% constante (calentamiento)<\/li>\n\n\n\n<li>2-4 km: 7-8% (la parte m\u00e1s dura)<\/li>\n\n\n\n<li>4-5 km: 4-5% (respiro antes del final)<\/li>\n\n\n\n<li>5-6 km: 7% hasta la cima<\/li>\n<\/ul>\n\n\n\n<p><strong>Puntos de inter\u00e9s<\/strong>:<\/p>\n\n\n\n<ul class=\"wp-block-list\">\n<li>Valle de Jal\u00f3n: zona vin\u00edcola<\/li>\n\n\n\n<li>Mirador cima Col de Rates: vistas 360\u00b0 (mar y monta\u00f1a)<\/li>\n\n\n\n<li>Pueblos de Parcent y Pedreguer<\/li>\n<\/ul>\n\n\n\n<p><strong>Consejos<\/strong>:<\/p>\n\n\n\n<ul class=\"wp-block-list\">\n<li>Llevar al menos 2 bidones (hay fuentes en Jal\u00f3n)<\/li>\n\n\n\n<li>Mejor hacer en oto\u00f1o\/invierno\/primavera<\/li>\n\n\n\n<li>Descenso t\u00e9cnico: precauci\u00f3n con grava en curvas<\/li>\n\n\n\n<li>Opci\u00f3n extender ruta bajando hasta D\u00e9nia (+20km)<\/li>\n<\/ul>\n\n\n\n<h3 class=\"wp-block-heading\">Ruta 3: interior Benissa &#8211; Jal\u00f3n &#8211; Parcent &#8211; Alcalal\u00ed (ruta media, 58 km)<\/h3>\n\n\n\n<p><strong>Perfil<\/strong>: ondulado constante | <strong>Desnivel acumulado<\/strong>: 620m | <strong>Dificultad<\/strong>: Media | <strong>Tiempo estimado<\/strong>: 2h 30min &#8211; 3h<\/p>\n\n\n\n<p>Esta ruta circular por el interior combina valles ondulados, peque\u00f1os repechos y paisajes de vi\u00f1edos y monta\u00f1a. Perfecta para entrenamientos de resistencia sin la dureza de grandes puertos.<\/p>\n\n\n\n<p><strong>Recorrido detallado<\/strong>:<\/p>\n\n\n\n<ul class=\"wp-block-list\">\n<li>Salida Benissa hacia Jal\u00f3n por CV-750 (12 km)<\/li>\n\n\n\n<li>Jal\u00f3n &#8211; Parcent por carretera llana entre vi\u00f1edos (5 km)<\/li>\n\n\n\n<li>Parcent &#8211; Alcalal\u00ed por CV-720 (ondulado, 8 km)<\/li>\n\n\n\n<li>Giro hacia Ll\u00edber por CV-721 (peque\u00f1as subidas, 6 km)<\/li>\n\n\n\n<li>Ll\u00edber &#8211; Benissa por CV-750 (ondulado, regreso, 15 km)<\/li>\n<\/ul>\n\n\n\n<p><strong>Caracter\u00edsticas<\/strong>:<\/p>\n\n\n\n<ul class=\"wp-block-list\">\n<li>Sin grandes puertos pero subidas cortas constantes (2-3% medio)<\/li>\n\n\n\n<li>Carreteras secundarias con poco tr\u00e1fico<\/li>\n\n\n\n<li>Paisaje mediterr\u00e1neo aut\u00e9ntico<\/li>\n\n\n\n<li>Varios pueblos para repostar agua<\/li>\n<\/ul>\n\n\n\n<p><strong>Puntos de inter\u00e9s<\/strong>:<\/p>\n\n\n\n<ul class=\"wp-block-list\">\n<li>Valle de Jal\u00f3n: ruta del vino<\/li>\n\n\n\n<li>Pueblo de Parcent: arquitectura tradicional<\/li>\n\n\n\n<li>Alcalal\u00ed: localidad tranquila de interior<\/li>\n\n\n\n<li>Vi\u00f1edos y campos de naranjos<\/li>\n<\/ul>\n\n\n\n<p><strong>Consejos<\/strong>:<\/p>\n\n\n\n<ul class=\"wp-block-list\">\n<li>Ruta perfecta d\u00edas de viento (m\u00e1s protegida que la costa)<\/li>\n\n\n\n<li>En domingo, cierra algunos pueblos (planificar avituallamiento)<\/li>\n\n\n\n<li>Posibilidad de extender hacia Orba\/Pedreguer<\/li>\n\n\n\n<li>Buena ruta para rodar en grupo conversando<\/li>\n<\/ul>\n\n\n\n<h3 class=\"wp-block-heading\">Ruta 4: gran ruta Benissa &#8211; Guadalest &#8211; Callosa (ruta exigente, 85 km)<\/h3>\n\n\n\n<p><strong>Perfil<\/strong>: monta\u00f1a con 2 puertos importantes | <strong>Desnivel acumulado<\/strong>: 1.450m | <strong>Dificultad<\/strong>: Alta | <strong>Tiempo estimado<\/strong>: 4h &#8211; 5h<\/p>\n\n\n\n<p>Para ciclistas entrenados que buscan un reto completo. Esta ruta incluye la subida a Guadalest, uno de los pueblos m\u00e1s bonitos de Espa\u00f1a, con rampas duras y vistas espectaculares.<\/p>\n\n\n\n<p><strong>Recorrido detallado<\/strong>:<\/p>\n\n\n\n<ul class=\"wp-block-list\">\n<li>Salida Benissa &#8211; Calp por la costa (CV-746, 10 km)<\/li>\n\n\n\n<li>Calp &#8211; Callosa d&#8217;en Sarri\u00e0 por N-332 (18 km)<\/li>\n\n\n\n<li>Callosa &#8211; Guadalest: inicio ascenso (12 km)\n<ul class=\"wp-block-list\">\n<li>Primer tramo: 4 km al 6%<\/li>\n\n\n\n<li>Segundo tramo: 3 km al 7-8%<\/li>\n\n\n\n<li>Final: 2 km al 5% hasta pueblo<\/li>\n<\/ul>\n<\/li>\n\n\n\n<li>Guadalest (cima 595m): parada obligatoria<\/li>\n\n\n\n<li>Descenso t\u00e9cnico hacia Polop (cuidado)<\/li>\n\n\n\n<li>Polop &#8211; Benissa por interior (CV-755 y secundarias, 30 km ondulados)<\/li>\n<\/ul>\n\n\n\n<p><strong>Perfil de la subida a Guadalest<\/strong>:<\/p>\n\n\n\n<ul class=\"wp-block-list\">\n<li>Longitud: 9 km<\/li>\n\n\n\n<li>Desnivel: 520m<\/li>\n\n\n\n<li>Pendiente media: 5,8%<\/li>\n\n\n\n<li>Pendiente m\u00e1xima: 9%<\/li>\n<\/ul>\n\n\n\n<p><strong>Puntos de inter\u00e9s<\/strong>:<\/p>\n\n\n\n<ul class=\"wp-block-list\">\n<li>Pueblo de Guadalest con su castillo<\/li>\n\n\n\n<li>Pantano de Guadalest (aguas turquesas)<\/li>\n\n\n\n<li>Vistas 360\u00b0 desde la cima<\/li>\n\n\n\n<li>Polop y sus fuentes<\/li>\n<\/ul>\n\n\n\n<p><strong>Consejos<\/strong>:<\/p>\n\n\n\n<ul class=\"wp-block-list\">\n<li>Salir temprano (7-8h) para evitar calor en subida<\/li>\n\n\n\n<li>Llevar 3 bidones o planificar paradas<\/li>\n\n\n\n<li>Subida exigente: gestionar esfuerzo<\/li>\n\n\n\n<li>Descenso t\u00e9cnico: m\u00e1xima precauci\u00f3n<\/li>\n\n\n\n<li>En Guadalest hay bares para recuperar<\/li>\n<\/ul>\n\n\n\n<h3 class=\"wp-block-heading\">Ruta 5: familiar Benissa casco antiguo &#8211; calas (ruta f\u00e1cil, 16 km)<\/h3>\n\n\n\n<p><strong>Perfil<\/strong>: bajada y subida suave | <strong>Desnivel acumulado<\/strong>: 180m | <strong>Dificultad<\/strong>: Muy f\u00e1cil | <strong>Tiempo estimado<\/strong>: 45min &#8211; 1h 15min<\/p>\n\n\n\n<p>Perfecta para familias con ni\u00f1os, d\u00edas de descanso activo o para combinar ciclismo con playa. Recorre las principales calas de Benissa con paradas para ba\u00f1arse.<\/p>\n\n\n\n<p><strong>Recorrido detallado<\/strong>:<\/p>\n\n\n\n<ul class=\"wp-block-list\">\n<li>Salida casco antiguo Benissa<\/li>\n\n\n\n<li>Descenso hacia la costa por CV-746 (3 km bajada suave)<\/li>\n\n\n\n<li>Recorrido por carretera costera visitando:\n<ul class=\"wp-block-list\">\n<li>Cala Advocat (km 4)<\/li>\n\n\n\n<li>Cala Fustera (km 6)<\/li>\n\n\n\n<li>Cala Pinets (km 7)<\/li>\n\n\n\n<li>Cala Llobella (km 8)<\/li>\n<\/ul>\n<\/li>\n\n\n\n<li>Regreso por el mismo recorrido con subida suave al pueblo (8 km)<\/li>\n<\/ul>\n\n\n\n<p><strong>Caracter\u00edsticas<\/strong>:<\/p>\n\n\n\n<ul class=\"wp-block-list\">\n<li>Sin dificultad t\u00e9cnica<\/li>\n\n\n\n<li>Paradas para fotos y ba\u00f1os<\/li>\n\n\n\n<li>Carretera estrecha en algunos tramos: precauci\u00f3n<\/li>\n\n\n\n<li>Ideal para bicicletas de paseo o gravel<\/li>\n<\/ul>\n\n\n\n<p><strong>Puntos de inter\u00e9s<\/strong>:<\/p>\n\n\n\n<ul class=\"wp-block-list\">\n<li>4 calas de aguas cristalinas<\/li>\n\n\n\n<li>Cada cala tiene encanto diferente<\/li>\n\n\n\n<li>Zona de picnic en Cala Fustera<\/li>\n\n\n\n<li>Miradores con vistas al Pe\u00f1\u00f3n de Ifach<\/li>\n<\/ul>\n\n\n\n<p><strong>Consejos<\/strong>:<\/p>\n\n\n\n<ul class=\"wp-block-list\">\n<li>Mejor hacerla a primera hora o al atardecer<\/li>\n\n\n\n<li>Llevar ba\u00f1ador para parar en las calas<\/li>\n\n\n\n<li>En verano, m\u00e1s tr\u00e1fico de coches hacia playas<\/li>\n\n\n\n<li>Opci\u00f3n: continuar hasta Moraira (+8km)<\/li>\n<\/ul>\n\n\n\n<figure class=\"wp-block-image aligncenter size-large\"><img fetchpriority=\"high\" decoding=\"async\" width=\"1024\" height=\"683\" src=\"https:\/\/grupoterrademar.com\/wp-content\/uploads\/2025\/10\/bici-carretera-benissa-1024x683.jpg\" alt=\"\" class=\"wp-image-10885\" srcset=\"https:\/\/grupoterrademar.com\/wp-content\/uploads\/2025\/10\/bici-carretera-benissa-1024x683.jpg 1024w, https:\/\/grupoterrademar.com\/wp-content\/uploads\/2025\/10\/bici-carretera-benissa-300x200.jpg 300w, https:\/\/grupoterrademar.com\/wp-content\/uploads\/2025\/10\/bici-carretera-benissa-768x512.jpg 768w, https:\/\/grupoterrademar.com\/wp-content\/uploads\/2025\/10\/bici-carretera-benissa-18x12.jpg 18w, https:\/\/grupoterrademar.com\/wp-content\/uploads\/2025\/10\/bici-carretera-benissa.jpg 1200w\" sizes=\"(max-width: 1024px) 100vw, 1024px\" \/><figcaption class=\"wp-element-caption\">Imagen de <a href=\"https:\/\/pixabay.com\/es\/users\/farishamza007-2221177\/?utm_source=link-attribution&amp;utm_medium=referral&amp;utm_campaign=image&amp;utm_content=7036709\" target=\"_blank\" rel=\"noreferrer noopener nofollow\">Faris Hamza<\/a> op <a href=\"https:\/\/pixabay.com\/\" target=\"_blank\" rel=\"noreferrer noopener nofollow\">Pixabay<\/a><\/figcaption><\/figure>\n\n\n\n<h2 class=\"wp-block-heading\">Mejor \u00e9poca para ciclismo en Benissa<\/h2>\n\n\n\n<p>La Costa Blanca es famosa entre ciclistas europeos precisamente por su clima privilegiado que permite rodar pr\u00e1cticamente todo el a\u00f1o. Sin embargo, hay temporadas m\u00e1s \u00f3ptimas:<\/p>\n\n\n\n<p><strong>Temporada alta ciclismo (octubre &#8211; mayo)<\/strong>: <strong>esta es la \u00e9poca dorada<\/strong>. Temperaturas entre 12-22\u00b0C, perfectas para esfuerzos intensos sin calor extremo. Los ciclistas profesionales y equipos semiprofesionales del norte de Europa eligen estos meses para concentraciones de entrenamiento. Noviembre a marzo son especialmente populares.<\/p>\n\n\n\n<p><strong>Primavera (marzo &#8211; mayo)<\/strong>: <strong>clima ideal con flores en los campos<\/strong>. Temperaturas agradables (15-25\u00b0C) y d\u00edas m\u00e1s largos. Perfecto para cicloturismo. Eso s\u00ed, es temporada alta tambi\u00e9n para turismo, con algo m\u00e1s de tr\u00e1fico en carreteras costeras.<\/p>\n\n\n\n<p><strong>Verano (junio &#8211; septiembre)<\/strong>: posible pero <strong>exigente por el calor<\/strong>. Si decides rodar en verano:<\/p>\n\n\n\n<ul class=\"wp-block-list\">\n<li>Salidas ultra-tempranas (6-7h) imprescindibles<\/li>\n\n\n\n<li>Evitar horas centrales (12-17h)<\/li>\n\n\n\n<li>Hidrataci\u00f3n extrema necesaria<\/li>\n\n\n\n<li>Rutas de interior m\u00e1s frescas que costa<\/li>\n\n\n\n<li>Solo ciclistas muy aclimatados al calor<\/li>\n<\/ul>\n\n\n\n<p><strong>Oto\u00f1o (septiembre &#8211; noviembre)<\/strong>: <strong>muchos consideran septiembre-octubre los mejores meses<\/strong>. El calor del verano baja pero las temperaturas siguen siendo \u00f3ptimas (18-26\u00b0C). Menos turistas en las carreteras. Perfecto para objetivos de final de temporada.<\/p>\n\n\n\n<p><strong>Invierno (diciembre &#8211; febrero)<\/strong>: sigue siendo viable. Temperaturas 10-17\u00b0C durante el d\u00eda. Alg\u00fan d\u00eda de lluvia pero <strong>mayoritariamente soleado<\/strong>. Ideal para <strong>acumular base aer\u00f3bica<\/strong>. Importante: llevar ropa de abrigo para las bajadas.<\/p>\n\n\n\n<h2 class=\"wp-block-heading\">Servicios para ciclistas en Benissa y alrededores<\/h2>\n\n\n\n<p><strong>Tiendas de ciclismo y talleres<\/strong>:<\/p>\n\n\n\n<ul class=\"wp-block-list\">\n<li><strong>Cicles Desnivel<\/strong> (Calp, 8 km): Taller completo, recambios, alquiler bicicletas<\/li>\n\n\n\n<li><strong>Bike Point Benissa<\/strong>: Taller mec\u00e1nico, reparaciones urgentes<\/li>\n\n\n\n<li><strong>Altea Cycling<\/strong> (Altea, 12 km): Especialistas en carretera y gravel<\/li>\n<\/ul>\n\n\n\n<p><strong>Alquiler de bicicletas<\/strong>: Si viajas sin tu bici o quieres probar material diferente:<\/p>\n\n\n\n<ul class=\"wp-block-list\">\n<li>Bicicletas de carretera gama media-alta<\/li>\n\n\n\n<li>Bicis el\u00e9ctricas para rutas m\u00e1s relajadas<\/li>\n\n\n\n<li>Gravel bikes para rutas mixtas<\/li>\n\n\n\n<li>Reserva con antelaci\u00f3n en temporada alta<\/li>\n<\/ul>\n\n\n\n<p><strong>Cafeter\u00edas ciclistas<\/strong>: Puntos de encuentro tradicionales de ciclistas:<\/p>\n\n\n\n<ul class=\"wp-block-list\">\n<li><strong>Caf\u00e9 del Mar<\/strong> (Moraira): Famoso punto encuentro domingo<\/li>\n\n\n\n<li><strong>Cafeter\u00eda El Cruce<\/strong> (Jal\u00f3n): Base del Col de Rates<\/li>\n\n\n\n<li><strong>Mercado de Jal\u00f3n<\/strong>: S\u00e1bados, punto encuentro despu\u00e9s de rutas<\/li>\n<\/ul>\n\n\n\n<h2 class=\"wp-block-heading\">Consejos pr\u00e1cticos para ciclistas en Benissa<\/h2>\n\n\n\n<p><strong>Seguridad en carreteras<\/strong>:<\/p>\n\n\n\n<ul class=\"wp-block-list\">\n<li>Carreteras secundarias generalmente buenas pero estrechas<\/li>\n\n\n\n<li>En verano, m\u00e1s tr\u00e1fico tur\u00edstico: m\u00e1xima precauci\u00f3n<\/li>\n\n\n\n<li>Arcenes limitados en muchas carreteras<\/li>\n\n\n\n<li>Llevar luces incluso de d\u00eda (obligatorio por ley)<\/li>\n\n\n\n<li>Rodar en grupo m\u00e1ximo 2 en fondo, fila india en curvas<\/li>\n<\/ul>\n\n\n\n<p><strong>Qu\u00e9 llevar siempre<\/strong>:<\/p>\n\n\n\n<ul class=\"wp-block-list\">\n<li><strong>Hidrataci\u00f3n<\/strong>: M\u00ednimo 2 bidones (3 en rutas +60km)<\/li>\n\n\n\n<li><strong>Nutrici\u00f3n<\/strong>: Barritas, geles, frutos secos<\/li>\n\n\n\n<li><strong>Protecci\u00f3n solar<\/strong>: Crema factor 50, gafas, manguitos<\/li>\n\n\n\n<li><strong>Repuestos b\u00e1sicos<\/strong>: C\u00e1mara, desmontables, multiherramienta, bomba<\/li>\n\n\n\n<li><strong>Identificaci\u00f3n<\/strong>: DNI\/pasaporte, tarjeta sanitaria europea<\/li>\n\n\n\n<li><strong>M\u00f3vil cargado<\/strong>: Con n\u00fameros emergencia (112)<\/li>\n\n\n\n<li><strong>Dinero efectivo<\/strong>: Algunos pueblos peque\u00f1os sin cajeros<\/li>\n<\/ul>\n\n\n\n<p><strong>Planificaci\u00f3n de rutas<\/strong>:<\/p>\n\n\n\n<ul class=\"wp-block-list\">\n<li>Apps recomendadas: <a href=\"https:\/\/www.strava.com\/\" target=\"_blank\" rel=\"noreferrer noopener\">Strava<\/a>, <a href=\"https:\/\/www.komoot.com\/\" target=\"_blank\" rel=\"noreferrer noopener\">Komoot<\/a>, <a href=\"https:\/\/es.wikiloc.com\/\" target=\"_blank\" rel=\"noreferrer noopener\">Wikiloc<\/a>.<\/li>\n\n\n\n<li>Descargar tracks offline (cobertura irregular en monta\u00f1a)<\/li>\n\n\n\n<li>Avisar siempre de la ruta que har\u00e1s<\/li>\n\n\n\n<li>Comprobar meteorolog\u00eda (viento especialmente)<\/li>\n\n\n\n<li>Fuentes p\u00fablicas: Jal\u00f3n, Parcent, Teulada (rellenar bidones)<\/li>\n<\/ul>\n\n\n\n<p><strong>Climatolog\u00eda<\/strong>:<\/p>\n\n\n\n<ul class=\"wp-block-list\">\n<li>Viento de poniente com\u00fan (oto\u00f1o\/invierno)<\/li>\n\n\n\n<li>Tramontana ocasional (viento norte fuerte)<\/li>\n\n\n\n<li>Planificar rutas seg\u00fan direcci\u00f3n del viento<\/li>\n\n\n\n<li>En d\u00edas de viento fuerte, elegir rutas interior<\/li>\n<\/ul>\n\n\n\n<p><strong>Normativa ciclista Espa\u00f1a<\/strong>:<\/p>\n\n\n\n<ul class=\"wp-block-list\">\n<li>Casco obligatorio (carretera interurbana)<\/li>\n\n\n\n<li>Chaleco reflectante obligatorio (condiciones baja visibilidad)<\/li>\n\n\n\n<li>Luces: blanca delante, roja detr\u00e1s<\/li>\n\n\n\n<li>Prohibido usar auriculares<\/li>\n\n\n\n<li>Respetar se\u00f1ales tr\u00e1fico<\/li>\n<\/ul>\n\n\n\n<h2 class=\"wp-block-heading\">Alojamiento para ciclistas en Benissa<\/h2>\n\n\n\n<p>Encontrar el alojamiento adecuado es clave para disfrutar al m\u00e1ximo de tu escapada ciclista. Benissa ofrece varias opciones perfectas como base de operaciones.<\/p>\n\n\n\n<p><strong><a href=\"https:\/\/grupoterrademar.com\/nl\/hostal-la-fonda\/\">Hostel La Fonda Benissa<\/a><\/strong>: situado en pleno casco antiguo de Benissa, este hostal con encanto es una excelente opci\u00f3n para ciclistas. Su ubicaci\u00f3n c\u00e9ntrica te sit\u00faa en el punto de salida perfecto para todas las rutas que hemos descrito y el pueblo de Benissa tiene todo lo necesario: supermercados, farmacias, tiendas de ciclismo cercanas y buena conectividad con las principales carreteras.<\/p>\n\n\n\n<p>La Fonda combina el encanto de un edificio hist\u00f3rico perfectamente rehabilitado con todas las comodidades modernas. Sus habitaciones, algunas con balc\u00f3n, ofrecen el descanso que necesitas despu\u00e9s de una jornada sobre la bici. El ambiente tranquilo del casco antiguo garantiza un sue\u00f1o reparador.<\/p>\n\n\n\n<p>La recepci\u00f3n puede ayudarte con informaci\u00f3n sobre rutas, previsi\u00f3n meteorol\u00f3gica y contactos de talleres mec\u00e1nicos en caso de necesidad.<\/p>\n\n\n\n<p><strong><a href=\"https:\/\/grupoterrademar.com\/nl\/villa-samar\/\">Villa Samar (Altea)<\/a><\/strong>: a solo 15 minutos en coche de Benissa, esta villa con piscina privada es ideal para grupos de ciclistas que buscan privacidad y comodidad. Altea es otra excelente base para rutas, con acceso directo tanto a las zonas de costa como a las subidas m\u00edticas del interior, de las que hablaremos m\u00e1s adelante.<\/p>\n\n\n\n<p><strong><a href=\"https:\/\/grupoterrademar.com\/nl\/landelijk-huis-ca-sana\/\">Casa Rural Ca Sana (Teulada<\/a>)<\/strong>: situada en el coraz\u00f3n hist\u00f3rico de Teulada, a 10 minutos de Benissa, esta casa rural ofrece una experiencia aut\u00e9ntica en un entorno tranquilo. Ideal para ciclistas que buscan desconectar en un ambiente rural con todas las comodidades.<\/p>\n\n\n\n<p>La ventaja de alojarte en cualquiera de estos puntos de <a href=\"https:\/\/grupoterrademar.com\/nl\">Terra de Mar Groep<\/a> es que est\u00e1n perfectamente comunicados entre s\u00ed y con todas las rutas. Adem\u00e1s, el equipo conoce bien la zona y puede recomendarte las mejores opciones seg\u00fan tu nivel y preferencias.<\/p>\n\n\n\n<h2 class=\"wp-block-heading\">Benissa, tu base perfecta para el ciclismo en Costa Blanca<\/h2>\n\n\n\n<p>Despu\u00e9s de leer esta gu\u00eda completa, habr\u00e1s comprobado que Benissa re\u00fane todos los ingredientes para convertirse en tu destino ciclista favorito en el Mediterr\u00e1neo. La combinaci\u00f3n de clima excepcional, variedad de rutas, servicios especializados y alojamientos c\u00f3modos hace de esta localidad alicantina el punto de partida perfecto para tus escapadas sobre dos ruedas.<\/p>\n\n\n\n<p>Ya sea que busques entrenamientos duros en puertos m\u00edticos como el Col de Rates o <strong><a href=\"https:\/\/grupoterrademar.com\/nl\/wat-te-zien-in-guadalest-hoe-in-guadalest-te-komen-waar-te-eten-en-alles-wat-je-moet-weten\/\">Guadalest<\/a><\/strong>, salidas relajadas por la costa mediterr\u00e1nea, o rutas de descubrimiento por los valles interiores, desde Benissa tienes acceso a todo ello sin largos desplazamientos.<\/p>\n\n\n\n<p>Miles de ciclistas de toda Europa ya han descubierto el secreto de la Costa Blanca como destino de entrenamiento invernal y primaveral. Los profesionales lo saben, los equipos continentales lo saben, y ahora t\u00fa tambi\u00e9n lo sabes: cuando el norte de Europa est\u00e1 bajo la lluvia y el fr\u00edo, aqu\u00ed puedes rodar con sol y temperaturas perfectas.<\/p>\n\n\n\n<p>\u00bfEst\u00e1s listo para planificar tu escapada ciclista a Benissa? Consulta la disponibilidad en nuestros alojamientos y prep\u00e1rate para acumular kil\u00f3metros de calidad en uno de los mejores destinos ciclistas de Europa.<\/p>","protected":false},"excerpt":{"rendered":"<p>Si eres ciclista y buscas un destino con clima mediterr\u00e1neo, carreteras variadas y paisajes espectaculares, Benissa se convertir\u00e1 en tu base perfecta para rodar por la Costa Blanca. Situada estrat\u00e9gicamente entre Calp y Altea, esta localidad alicantina ofrece acceso directo a algunas de las rutas m\u00e1s codiciadas por ciclistas de toda Europa. En esta gu\u00eda [&hellip;]<\/p>\n","protected":false},"author":1,"featured_media":10884,"comment_status":"open","ping_status":"open","sticky":false,"template":"","format":"standard","meta":{"footnotes":""},"categories":[72],"tags":[87],"class_list":["post-10883","post","type-post","status-publish","format-standard","has-post-thumbnail","hentry","category-benissa","tag-experiencias-viajes"],"_links":{"self":[{"href":"https:\/\/grupoterrademar.com\/nl\/wp-json\/wp\/v2\/posts\/10883","targetHints":{"allow":["GET"]}}],"collection":[{"href":"https:\/\/grupoterrademar.com\/nl\/wp-json\/wp\/v2\/posts"}],"about":[{"href":"https:\/\/grupoterrademar.com\/nl\/wp-json\/wp\/v2\/types\/post"}],"author":[{"embeddable":true,"href":"https:\/\/grupoterrademar.com\/nl\/wp-json\/wp\/v2\/users\/1"}],"replies":[{"embeddable":true,"href":"https:\/\/grupoterrademar.com\/nl\/wp-json\/wp\/v2\/comments?post=10883"}],"version-history":[{"count":3,"href":"https:\/\/grupoterrademar.com\/nl\/wp-json\/wp\/v2\/posts\/10883\/revisions"}],"predecessor-version":[{"id":10888,"href":"https:\/\/grupoterrademar.com\/nl\/wp-json\/wp\/v2\/posts\/10883\/revisions\/10888"}],"wp:featuredmedia":[{"embeddable":true,"href":"https:\/\/grupoterrademar.com\/nl\/wp-json\/wp\/v2\/media\/10884"}],"wp:attachment":[{"href":"https:\/\/grupoterrademar.com\/nl\/wp-json\/wp\/v2\/media?parent=10883"}],"wp:term":[{"taxonomy":"category","embeddable":true,"href":"https:\/\/grupoterrademar.com\/nl\/wp-json\/wp\/v2\/categories?post=10883"},{"taxonomy":"post_tag","embeddable":true,"href":"https:\/\/grupoterrademar.com\/nl\/wp-json\/wp\/v2\/tags?post=10883"}],"curies":[{"name":"wp","href":"https:\/\/api.w.org\/{rel}","templated":true}]}}