{"id":11202,"date":"2026-04-17T13:59:03","date_gmt":"2026-04-17T13:59:03","guid":{"rendered":"https:\/\/grupoterrademar.com\/"},"modified":"2026-04-29T14:10:59","modified_gmt":"2026-04-29T14:10:59","slug":"loft-salinas-calpe-vistas-salinas","status":"publish","type":"post","link":"https:\/\/grupoterrademar.com\/de\/loft-salinas-calpe-vistas-salinas\/","title":{"rendered":"Alojarse junto a las salinas de Calpe: una experiencia que no tiene equivalente en la Costa Blanca"},"content":{"rendered":"<p>Hay alojamientos que est\u00e1n cerca de algo interesante y hay alojamientos que <strong>forman parte de ese algo<\/strong>. El <a href=\"https:\/\/grupoterrademar.com\/de\/loft-salinas\/\" data-type=\"page\" data-id=\"3926\">Loft Salinas<\/a> pertenece a la segunda categor\u00eda. Est\u00e1 situado junto al paraje natural de las Salinas de Calpe, con vistas a la laguna desde el propio loft, y es el \u00fanico alojamiento en toda Calpe que ofrece esa combinaci\u00f3n: naturaleza protegida, flamencos y Mediterr\u00e1neo desde el mismo espacio donde dorm\u00eds.<\/p>\n\n\n\n<p>No es un detalle menor. <a href=\"https:\/\/grupoterrademar.com\/de\/salinas-de-calpe\/\" data-type=\"post\" data-id=\"11198\">Las Salinas de Calpe<\/a> son uno de los humedales m\u00e1s singulares de la Comunitat Valenciana: 41 hect\u00e1reas de laguna salada en pleno centro urbano, con 173 especies de aves registradas y poblaciones de flamencos que en los mejores meses alcanzan varios cientos de ejemplares. Tener ese espect\u00e1culo a la vista desde donde os aloj\u00e1is cambia completamente la experiencia de estar en Calpe.<\/p>\n\n\n\n<p>Este art\u00edculo cuenta <strong>c\u00f3mo es alojarse en el Loft Salinas<\/strong>: qu\u00e9 se ve, qu\u00e9 se vive y por qu\u00e9 para determinados viajeros es exactamente lo que est\u00e1n buscando sin saber que existe.<\/p>\n\n\n\n<h2 class=\"wp-block-heading\">Las vistas desde el Loft Salinas: qu\u00e9 se ve exactamente<\/h2>\n\n\n\n<p><strong>Desde el loft se ve la laguna de las salinas y el Mediterr\u00e1neo<\/strong>. No son vistas parciales ni hay que asomarse en un \u00e1ngulo concreto: la orientaci\u00f3n del loft pone el paraje natural en el campo visual desde el interior.<\/p>\n\n\n\n<p>Lo que eso significa en la pr\u00e1ctica depende de la \u00e9poca del a\u00f1o y de la hora del d\u00eda. Por la ma\u00f1ana temprano, con la laguna en calma y la luz todav\u00eda baja, los flamencos est\u00e1n especialmente activos en la orilla. Al atardecer, cuando el sol cae sobre el agua, los tonos rosados de los flamencos adultos se mezclan con los del cielo de una forma que es dif\u00edcil de describir sin haberlo visto y por la noche, con el Mediterr\u00e1neo al fondo y la laguna en silencio, <strong>el contraste con el bullicio de Calpe en temporada alta es completo<\/strong>.<\/p>\n\n\n\n<p>Es el tipo de vista que no se busca en las webs de reservas porque nadie sabe que existe y cuando se encuentra, <strong>suele ser el motivo de volver<\/strong>.<\/p>\n\n\n\n<h2 class=\"wp-block-heading\">C\u00f3mo es alojarse aqu\u00ed: la experiencia d\u00eda a d\u00eda<\/h2>\n\n\n\n<h3 class=\"wp-block-heading\">La ma\u00f1ana<\/h3>\n\n\n\n<p>Levantarse, preparar el caf\u00e9 en la cocina equipada del loft y <strong>tener las salinas delante<\/strong>. Si el tiempo acompa\u00f1a y quer\u00e9is bajar antes de que lleguen los primeros visitantes del d\u00eda, el sendero perimetral de la laguna est\u00e1 a pasos del loft. Una vuelta tranquila al paraje natural, de unos cuatro kil\u00f3metros sin desnivel, antes de que Calpe despierte. Los flamencos a primera hora de la ma\u00f1ana est\u00e1n mucho m\u00e1s cerca de la orilla que al mediod\u00eda.<\/p>\n\n\n\n<p>Si prefer\u00eds quedaos en casa, el balc\u00f3n y la terraza dan para mucho. El Mediterr\u00e1neo y la laguna juntos en el mismo horizonte es un desayuno visual que no se encuentra en muchos sitios de la Costa Blanca.<\/p>\n\n\n\n<h3 class=\"wp-block-heading\">El d\u00eda<\/h3>\n\n\n\n<p>El loft es una base perfecta para moverse por <a href=\"https:\/\/grupoterrademar.com\/de\/que-ver-en-calpe\/\" data-type=\"post\" data-id=\"11194\">Calpe<\/a> sin depender del coche. La <strong>playa del Arenal-Bol<\/strong> est\u00e1 a menos de diez minutos a pie. El <a href=\"https:\/\/grupoterrademar.com\/de\/guia-senderismo-penon-de-ifach\/\" data-type=\"post\" data-id=\"11120\">Pe\u00f1on de Ifach<\/a>, a quince. El puerto pesquero, a veinte. Y los Ba\u00f1os de la Reina, el yacimiento romano directamente vinculado a la historia de las salinas, est\u00e1n en el extremo sur del paraje, a cinco minutos caminando.<\/p>\n\n\n\n<p>Para los d\u00edas en que no apetece salir, la cocina completamente equipada del loft permite comprar en el mercado local y comer en casa. El mercado de Calpe tiene producto fresco de la zona y el puerto trae pescado de la lonja. Cocinar juntos y comer en el balc\u00f3n con la laguna delante es uno de esos planes que se recuerdan m\u00e1s que muchas excursiones.<\/p>\n\n\n\n<h3 class=\"wp-block-heading\">La tarde y la noche<\/h3>\n\n\n\n<p><strong>El atardecer sobre las salinas es el momento m\u00e1s fotog\u00e9nico del d\u00eda<\/strong>. La luz de \u00faltima hora sobre el agua y los flamencos tiene una calidad que en verano, cuando los n\u00fameros son m\u00e1s altos, resulta especialmente espectacular. Es el momento en que m\u00e1s visitantes se acercan al sendero, pero desde el loft lo ten\u00e9is sin moverse.<\/p>\n\n\n\n<p>Por la noche, Calpe tiene una oferta gastron\u00f3mica amplia a pocos minutos. El puerto pesquero es el mejor sitio para cenar: pescado fresco de la lonja, arroces y marisco con el ambiente del puerto como tel\u00f3n de fondo. La vuelta al loft, con la laguna en silencio y el Mediterr\u00e1neo de fondo, cierra el d\u00eda de una forma que los hoteles del centro no pueden ofrecer.<\/p>\n\n\n\n<div style=\"background: #e8f4f8; padding: 25px; border-left: 4px solid #2E75B6; margin: 30px 0; border-radius: 4px;\">\n  <h3 style=\"margin-top: 0; color: #1a3e5c; font-size: 18px;\">\u00bfQuer\u00e9is reservar el Loft Salinas?<\/h3>\n  <p>Consultadnos disponibilidad para vuestras fechas. Es un loft para dos, y las plazas son limitadas.<\/p>\n  <p style=\"margin-bottom: 0; display: flex; gap: 12px; flex-wrap: wrap;\">\n    <a href=\"\/de\/kontakt\/?utm_source=blog&#038;utm_medium=cta&#038;utm_campaign=loft-salinas-vistas&#038;utm_content=cta-mitad\" style=\"background: #2E75B6; color: white; padding: 12px 24px; text-decoration: none; border-radius: 5px; display: inline-block; font-weight: bold;\">Consultar disponibilidad \u2192<\/a>\n    <a href=\"tel:629665124\" style=\"background: #1a3e5c; color: white; padding: 12px 24px; text-decoration: none; border-radius: 5px; display: inline-block; font-weight: bold;\">Llamar (ES) \u2192<\/a>\n    <a href=\"tel:647421561\" style=\"background: #1a3e5c; color: white; padding: 12px 24px; text-decoration: none; border-radius: 5px; display: inline-block; font-weight: bold;\">Llamar (EN) \u2192<\/a>\n  <\/p>\n<\/div>\n\n\n\n<h2 class=\"wp-block-heading\">Para qui\u00e9n es especialmente interesante este alojamiento<\/h2>\n\n\n\n<h3 class=\"wp-block-heading\">Aficionados a la fotograf\u00eda y la ornitolog\u00eda<\/h3>\n\n\n\n<p><strong>Las Salinas de Calpe tienen 173 especies de aves registradas<\/strong>, con poblaciones de flamenco com\u00fan que alcanzan varios cientos de ejemplares en los mejores meses. Para quien viaja espec\u00edficamente para fotografiar aves o simplemente disfruta de la observaci\u00f3n de fauna, tener el paraje natural a la vista desde el alojamiento es una ventaja que no tiene equivalente en Calpe. Los mejores momentos para fotografiar son el amanecer y el atardecer, ambos perfectamente aprovechables desde el propio loft o bajando al sendero en minutos.<\/p>\n\n\n\n<h3 class=\"wp-block-heading\">Parejas que buscan tranquilidad con entorno natural<\/h3>\n\n\n\n<p><strong>El loft est\u00e1 dise\u00f1ado para dos personas<\/strong>. La combinaci\u00f3n de naturaleza inmediata, vistas a la laguna, balc\u00f3n propio y cocina equipada lo convierte en una opci\u00f3n muy distinta a un hotel de playa convencional. Para una escapada en pareja donde la tranquilidad y el entorno importan m\u00e1s que la animaci\u00f3n nocturna, es dif\u00edcil encontrar algo comparable en la zona.<\/p>\n\n\n\n<h3 class=\"wp-block-heading\">Viajeros que ya conocen Calpe y quieren verla diferente<\/h3>\n\n\n\n<p>Quien ha estado en Calpe en temporada alta y quiere una experiencia completamente distinta encontrar\u00e1 en el Loft Salinas ese contraste. La misma Costa Blanca, el mismo Pe\u00f1\u00f3n, las mismas playas, pero desde un \u00e1ngulo que la mayor\u00eda de visitantes nunca ven: <strong>el Calpe tranquilo, natural y con ritmo propio<\/strong> que existe fuera del verano y fuera del paseo mar\u00edtimo.<\/p>\n\n\n\n<h3 class=\"wp-block-heading\">Primavera y oto\u00f1o: las \u00e9pocas que m\u00e1s aprovechan el alojamiento<\/h3>\n\n\n\n<p>El loft funciona todo el a\u00f1o, pero en primavera y oto\u00f1o la experiencia de las salinas es especialmente buena. Los pasos migratorios de aves llenan la laguna de especies que no est\u00e1n en verano. Los flamencos siguen presentes. El clima permite usar el balc\u00f3n c\u00f3modamente a cualquier hora del d\u00eda. Y Calpe, sin la masificaci\u00f3n de agosto, recupera una escala humana que hace que todo sea m\u00e1s f\u00e1cil y m\u00e1s agradable.<\/p>\n\n\n\n<h2 class=\"wp-block-heading\">El loft: lo que necesit\u00e1is saber antes de reservar<\/h2>\n\n\n\n<p>Para quien llega aqu\u00ed buscando informaci\u00f3n pr\u00e1ctica sobre el alojamiento, aqu\u00ed van los datos concretos:<\/p>\n\n\n\n<ul class=\"wp-block-list\">\n<li><strong>Capacidad:<\/strong> para dos personas. No es apto para grupos ni familias con ni\u00f1os.<\/li>\n\n\n\n<li><strong>Vistas:<\/strong> a las Salinas de Calpe y al Mediterr\u00e1neo desde el interior del loft.<\/li>\n\n\n\n<li><strong>Balc\u00f3n:<\/strong> propio, orientado hacia el paraje natural.<\/li>\n\n\n\n<li><strong>Cocina:<\/strong> completamente equipada. Independencia total para cocinar.<\/li>\n\n\n\n<li><strong>Climatizaci\u00f3n:<\/strong> aire acondicionado y calefacci\u00f3n. C\u00f3modo todo el a\u00f1o.<\/li>\n\n\n\n<li><strong>Mascotas:<\/strong> no se admiten mascotas en este alojamiento.<\/li>\n\n\n\n<li><strong>Parking:<\/strong> no hay parking privado. Hay aparcamiento p\u00fablico en las inmediaciones.<\/li>\n\n\n\n<li><strong>Distancias:<\/strong> playa del Arenal a menos de 10 minutos a pie, Pe\u00f1\u00f3n de Ifach a 15, puerto pesquero a 20.<\/li>\n<\/ul>\n\n\n\n<p>Para informaci\u00f3n completa sobre el loft, precios y disponibilidad: <strong>\u2192 <a href=\"https:\/\/grupoterrademar.com\/de\/loft-salinas\/\" data-type=\"page\" data-id=\"3926\">Loft Salinas Calpe<\/a><\/strong>.<\/p>\n\n\n\n<h2 class=\"wp-block-heading\">Las salinas que ten\u00e9is a la puerta: contexto para entender lo que ver\u00e9is<\/h2>\n\n\n\n<p>Las Salinas de Calpe tienen m\u00e1s de 2.000 a\u00f1os de historia. Son parte de una antigua bah\u00eda que qued\u00f3 cerrada por el mismo proceso geol\u00f3gico que uni\u00f3 el Pe\u00f1\u00f3n de Ifach al continente. Los romanos las explotaron como fuente de sal desde el siglo II d.C., y los restos de esa actividad son el yacimiento arqueol\u00f3gico de los Ba\u00f1os de la Reina, visible desde el extremo sur del paraje.<\/p>\n\n\n\n<p>La explotaci\u00f3n salinera ces\u00f3 definitivamente en 1988 y en 1993 fueron declaradas zona protegida. Desde entonces la laguna ha recuperado su funci\u00f3n ecol\u00f3gica y hoy acoge 173 especies de aves registradas, con el flamenco com\u00fan como especie m\u00e1s visible y abundante.<\/p>\n\n\n\n<p>El sendero perimetral de 3,9 kil\u00f3metros es completamente llano y accesible. Tiene miradores habilitados en la zona norte con plataformas de madera elevadas, que son los mejores puntos de observaci\u00f3n. La vuelta completa lleva entre 50 minutos y hora y media.<\/p>\n\n\n\n<p>Gu\u00eda completa del paraje natural: <strong>\u2192 <a href=\"https:\/\/grupoterrademar.com\/de\/loft-salinas\/\" data-type=\"page\" data-id=\"3926\">Salzwiesen von Calpe<\/a><\/strong>.<\/p>\n\n\n\n<p><strong>Reservad el Loft Salinas<\/strong><\/p>\n\n\n\n<div style=\"background: #e8f4f8; padding: 25px; border-left: 4px solid #2E75B6; margin: 30px 0; border-radius: 4px;\">\n  <h3 style=\"margin-top: 0; color: #1a3e5c; font-size: 18px;\">Reservad el Loft Salinas<\/h3>\n  <p>Un loft para dos con vistas a las salinas y al Mediterr\u00e1neo. Consultadnos disponibilidad para vuestras fechas y os confirmamos en menos de 24 horas.<\/p>\n  <p style=\"margin-bottom: 0; display: flex; gap: 12px; flex-wrap: wrap;\">\n    <a href=\"\/de\/kontakt\/?utm_source=blog&#038;utm_medium=cta&#038;utm_campaign=loft-salinas-vistas&#038;utm_content=cta-final\" style=\"background: #2E75B6; color: white; padding: 12px 24px; text-decoration: none; border-radius: 5px; display: inline-block; font-weight: bold;\">Consultar disponibilidad \u2192<\/a>\n    <a href=\"tel:629665124\" style=\"background: #1a3e5c; color: white; padding: 12px 24px; text-decoration: none; border-radius: 5px; display: inline-block; font-weight: bold;\">Llamar (ES) \u2192<\/a>\n    <a href=\"tel:647421561\" style=\"background: #1a3e5c; color: white; padding: 12px 24px; text-decoration: none; border-radius: 5px; display: inline-block; font-weight: bold;\">Llamar (EN) \u2192<\/a>\n  <\/p>\n<\/div>\n\n\n\n<p>Si el Loft Salinas no est\u00e1 disponible para vuestras fechas o busc\u00e1is algo diferente, en Grupo Terra de Mar tenemos otras tres propiedades en Calpe: Terra de Mar (hotel boutique en el casco antiguo), Apartamento Playa Arenal (primera l\u00ednea de mar) y Villa Alegre (villa con jard\u00edn y piscina para seis personas). Contadnos qu\u00e9 busc\u00e1is.<\/p>\n\n\n\n<h2 class=\"wp-block-heading\">Preguntas frecuentes sobre el Loft Salinas<\/h2>\n\n\n<div id=\"rank-math-faq\" class=\"rank-math-block\">\n<div class=\"rank-math-list\">\n<div id=\"faq-question-1777471669529\" class=\"rank-math-list-item\">\n<h3 class=\"rank-math-question\">\u00bfSe ven los flamencos desde el loft?<\/h3>\n<div class=\"rank-math-answer\">\n\n<p>S\u00ed. Las vistas desde el loft incluyen la laguna de las salinas, donde los flamencos est\u00e1n presentes durante gran parte del a\u00f1o. La distancia y el \u00e1ngulo var\u00edan seg\u00fan la posici\u00f3n de las aves en la laguna en cada momento, pero la vista del paraje natural es constante.<\/p>\n\n<\/div>\n<\/div>\n<div id=\"faq-question-1777471675464\" class=\"rank-math-list-item\">\n<h3 class=\"rank-math-question\">\u00bfEn qu\u00e9 \u00e9poca hay m\u00e1s flamencos?<\/h3>\n<div class=\"rank-math-answer\">\n\n<p>Los meses de mayor concentraci\u00f3n son de mayo a agosto, cuando la poblaci\u00f3n puede alcanzar varios cientos de ejemplares. En oto\u00f1o y primavera tambi\u00e9n est\u00e1n presentes, coincidiendo con los pasos migratorios. En invierno son menos numerosos pero siguen siendo visibles.<\/p>\n\n<\/div>\n<\/div>\n<div id=\"faq-question-1777471680534\" class=\"rank-math-list-item\">\n<h3 class=\"rank-math-question\">\u00bfEl loft admite mascotas?<\/h3>\n<div class=\"rank-math-answer\">\n\n<p>No. Este alojamiento no admite mascotas. Si viaj\u00e1is con perro, en Grupo Terra de Mar tenemos otras propiedades en Calpe que s\u00ed las admiten: Terra de Mar, el Apartamento Playa Arenal y Villa Alegre.<\/p>\n\n<\/div>\n<\/div>\n<div id=\"faq-question-1777471685747\" class=\"rank-math-list-item\">\n<h3 class=\"rank-math-question\">\u00bfEs silencioso el entorno?<\/h3>\n<div class=\"rank-math-answer\">\n\n<p>El loft est\u00e1 en un entorno residencial junto al paraje natural, lejos del centro animado de Calpe. Es significativamente m\u00e1s tranquilo que los alojamientos del paseo mar\u00edtimo o el puerto, especialmente en temporada alta.<\/p>\n\n<\/div>\n<\/div>\n<div id=\"faq-question-1777471691673\" class=\"rank-math-list-item\">\n<h3 class=\"rank-math-question\">\u00bfHace falta coche?<\/h3>\n<div class=\"rank-math-answer\">\n\n<p>No es imprescindible. La playa del Arenal, el Pe\u00f1\u00f3n, el puerto y el centro son accesibles a pie desde el loft. Si quer\u00e9is hacer excursiones a Altea, Moraira o el interior de la comarca, el coche es m\u00e1s c\u00f3modo.<\/p>\n\n<\/div>\n<\/div>\n<div id=\"faq-question-1777471698270\" class=\"rank-math-list-item\">\n<h3 class=\"rank-math-question\">\u00bfCu\u00e1l es la mejor \u00e9poca para alojarse aqu\u00ed?<\/h3>\n<div class=\"rank-math-answer\">\n\n<p>Cualquier \u00e9poca funciona, pero primavera y oto\u00f1o ofrecen la mejor combinaci\u00f3n: buen clima, flamencos presentes, pasos migratorios activos y Calpe sin la masificaci\u00f3n del verano. En invierno el precio baja y la tranquilidad es m\u00e1xima.<\/p>\n\n<\/div>\n<\/div>\n<\/div>\n<\/div>","protected":false},"excerpt":{"rendered":"<p>El Loft Salinas es el \u00fanico alojamiento en Calpe con vistas al paraje natural de las salinas y al Mediterr\u00e1neo. Para dos personas, con balc\u00f3n, cocina equipada y los flamencos a la puerta.<\/p>","protected":false},"author":1,"featured_media":6761,"comment_status":"open","ping_status":"open","sticky":false,"template":"","format":"standard","meta":{"footnotes":""},"categories":[71],"tags":[],"class_list":["post-11202","post","type-post","status-publish","format-standard","has-post-thumbnail","hentry","category-calpe"],"_links":{"self":[{"href":"https:\/\/grupoterrademar.com\/de\/wp-json\/wp\/v2\/posts\/11202","targetHints":{"allow":["GET"]}}],"collection":[{"href":"https:\/\/grupoterrademar.com\/de\/wp-json\/wp\/v2\/posts"}],"about":[{"href":"https:\/\/grupoterrademar.com\/de\/wp-json\/wp\/v2\/types\/post"}],"author":[{"embeddable":true,"href":"https:\/\/grupoterrademar.com\/de\/wp-json\/wp\/v2\/users\/1"}],"replies":[{"embeddable":true,"href":"https:\/\/grupoterrademar.com\/de\/wp-json\/wp\/v2\/comments?post=11202"}],"version-history":[{"count":1,"href":"https:\/\/grupoterrademar.com\/de\/wp-json\/wp\/v2\/posts\/11202\/revisions"}],"predecessor-version":[{"id":11203,"href":"https:\/\/grupoterrademar.com\/de\/wp-json\/wp\/v2\/posts\/11202\/revisions\/11203"}],"wp:featuredmedia":[{"embeddable":true,"href":"https:\/\/grupoterrademar.com\/de\/wp-json\/wp\/v2\/media\/6761"}],"wp:attachment":[{"href":"https:\/\/grupoterrademar.com\/de\/wp-json\/wp\/v2\/media?parent=11202"}],"wp:term":[{"taxonomy":"category","embeddable":true,"href":"https:\/\/grupoterrademar.com\/de\/wp-json\/wp\/v2\/categories?post=11202"},{"taxonomy":"post_tag","embeddable":true,"href":"https:\/\/grupoterrademar.com\/de\/wp-json\/wp\/v2\/tags?post=11202"}],"curies":[{"name":"wp","href":"https:\/\/api.w.org\/{rel}","templated":true}]}}