{"id":11198,"date":"2026-04-29T13:36:28","date_gmt":"2026-04-29T13:36:28","guid":{"rendered":"https:\/\/grupoterrademar.com\/"},"modified":"2026-04-29T13:36:30","modified_gmt":"2026-04-29T13:36:30","slug":"salinas-de-calpe","status":"publish","type":"post","link":"https:\/\/grupoterrademar.com\/de\/salinas-de-calpe\/","title":{"rendered":"Las salinas de Calpe: flamencos, historia romana y naturaleza en el coraz\u00f3n del pueblo"},"content":{"rendered":"<p>En el <strong>centro de Calpe<\/strong>, rodeada de urbanizaciones y a pocos metros de la playa, hay una <strong>laguna salada de 41 hect\u00e1reas donde viven flamencos<\/strong>. No es un parque tem\u00e1tico ni una atracci\u00f3n construida para turistas: son las <strong>Salzwiesen von Calpe<\/strong>, un humedal protegido con m\u00e1s de 2.000 a\u00f1os de historia que sobrevivi\u00f3 a la expansi\u00f3n urban\u00edstica de la Costa Blanca y hoy es uno de los espacios naturales m\u00e1s singulares de la provincia de Alicante.<\/p>\n\n\n\n<p>La paradoja de las salinas es su emplazamiento. <strong>Estar en pleno n\u00facleo urbano<\/strong>, flanqueadas por carreteras y edificios y al mismo tiempo ser <strong>refugio de 173 especies de aves<\/strong> registradas es una combinaci\u00f3n que no tiene muchos equivalentes en el Mediterr\u00e1neo. Los flamencos, que pueden alcanzar varios cientos de ejemplares en los mejores momentos del a\u00f1o, vuelan entre las calles de Calpe con una naturalidad que sigue sorprendiendo a quienes las visitan por primera vez.<\/p>\n\n\n\n<p>Esta gu\u00eda recoge todo lo que necesitas saber para <strong>visitar las salinas<\/strong>: su historia, las aves que puedes ver, cu\u00e1ndo ir, c\u00f3mo recorrerlas y c\u00f3mo combinarlas con el resto de visitas de Calpe.<\/p>\n\n\n\n<h2 class=\"wp-block-heading\">Historia de las salinas: de la \u00e9poca romana al paraje protegido<\/h2>\n\n\n\n<p>Die <strong>Salzwiesen von Calpe<\/strong> tienen su origen en la geograf\u00eda del lugar. Son parte de una antigua bah\u00eda que qued\u00f3 cerrada por la formaci\u00f3n de una barrera de arena transversal al oleaje, el mismo proceso geol\u00f3gico que <strong>uni\u00f3 el <a href=\"https:\/\/grupoterrademar.com\/de\/guia-senderismo-penon-de-ifach\/\" data-type=\"post\" data-id=\"11120\">Pe\u00f1on de Ifach<\/a> al continente<\/strong> creando el t\u00f3mbolo sobre el que se asienta buena parte del pueblo. El resultado fue una laguna de agua salobre que los romanos identificaron r\u00e1pidamente como un recurso valioso.<\/p>\n\n\n\n<p>Durante la \u00e9poca romana, <strong>Calpe se convirti\u00f3 en un centro importante de producci\u00f3n de sal<\/strong>. La sal era entonces un producto de primera necesidad para la conservaci\u00f3n de alimentos y las salinas alcanzaron su m\u00e1ximo esplendor en el siglo II d.C. Los restos de esa actividad siguen visibles hoy: en las excavaciones realizadas en las restingas que bordean la laguna se encontraron las balsas de una factor\u00eda pesquera romana, que es el <strong>yacimiento conocido como los Ba\u00f1os de la Reina<\/strong>.<\/p>\n\n\n\n<p>El primer documento escrito que menciona las salinas data de mediados del siglo XIII, lo que da idea de su continuidad hist\u00f3rica a lo largo de los siglos. La <strong>explotaci\u00f3n salinera<\/strong> se mantuvo con altibajos hasta finales del siglo XVIII, cuando el abandono gradual empez\u00f3 a convertirlas en un <strong>foco de infecciones<\/strong>. En los a\u00f1os ochenta hubo intentos de reactivarlas con m\u00e9todos modernos, pero la explotaci\u00f3n ces\u00f3 definitivamente en 1988. En 1993 fueron declaradas zona protegida mar\u00edtimo-terrestre y quedaron bajo la gesti\u00f3n del Ayuntamiento de Calpe. Desde entonces, la naturaleza ha recuperado el espacio y las salinas se han convertido en lo que son hoy: una reserva natural en plena ciudad.<\/p>\n\n\n\n<h2 class=\"wp-block-heading\">Las aves de las salinas: qu\u00e9 puedes ver y cu\u00e1ndo<\/h2>\n\n\n\n<p>Mit <strong>173 especies de aves registradas<\/strong>, las Salinas de Calpe son uno de los puntos de observaci\u00f3n ornitol\u00f3gica m\u00e1s interesantes de la Costa Blanca. La variedad se explica por su doble funci\u00f3n: son h\u00e1bitat permanente para algunas especies y punto de parada obligatoria en las rutas migratorias del Mediterr\u00e1neo occidental para muchas otras.<\/p>\n\n\n\n<h3 class=\"wp-block-heading\">El flamenco com\u00fan<\/h3>\n\n\n\n<p>Es el ave m\u00e1s llamativa y la que m\u00e1s atrae a los visitantes. El <strong>flamenco com\u00fan<\/strong> (Phoenicopterus ruber) est\u00e1 presente en las salinas durante gran parte del a\u00f1o, pero los mejores momentos para verlos en mayor n\u00famero son los meses de mayo a agosto, cuando la poblaci\u00f3n puede alcanzar <strong>varios cientos de ejemplares<\/strong>. Su caracter\u00edstico color rosa, que adquieren por los pigmentos presentes en los crust\u00e1ceos y algas que consumen, los hace inconfundibles incluso desde la distancia.<\/p>\n\n\n\n<p><strong>Un detalle curioso: los flamencos j\u00f3venes son blancos y negros<\/strong>, sin el color caracter\u00edstico de los adultos. Si veis ejemplares de tonos apagados entre el grupo, son cr\u00edas o j\u00f3venes del a\u00f1o anterior. Los adultos llevan adem\u00e1s anillas met\u00e1licas de colores, fruto de los programas de seguimiento ornitol\u00f3gico, que permiten identificar su procedencia.<\/p>\n\n\n\n<h3 class=\"wp-block-heading\">Otras especies destacadas<\/h3>\n\n\n\n<p>Adem\u00e1s del flamenco, las salinas acogen una comunidad de aves muy diversa a lo largo del a\u00f1o:<\/p>\n\n\n\n<ul class=\"wp-block-list\">\n<li><strong>Cig\u00fce\u00f1uela com\u00fan:<\/strong> presente y nidificante, reconocible por sus largas patas rojas y su plumaje en blanco y negro. Una de las especies m\u00e1s abundantes de la laguna.<\/li>\n\n\n\n<li><strong>Garza real:<\/strong> frecuente en los bordes de la laguna, especialmente al amanecer y al atardecer cuando sale a pescar.<\/li>\n\n\n\n<li><strong>Chorlitejo patinegro:<\/strong> nidificante en las zonas de arena de las restingas.<\/li>\n\n\n\n<li><strong>Mart\u00edn pescador:<\/strong> menos visible pero presente, reconocible por su plumaje azul el\u00e9ctrico y naranja.<\/li>\n\n\n\n<li><strong>Cormor\u00e1n mo\u00f1udo y pardela balear:<\/strong> especies marinas que utilizan las salinas como zona de descanso.<\/li>\n\n\n\n<li><strong>Avoceta:<\/strong> ave zancuda migratoria con el caracter\u00edstico pico curvado hacia arriba.<\/li>\n\n\n\n<li><strong>Rasc\u00f3n europeo y focha com\u00fan:<\/strong> presentes en los carrizales y zonas de vegetaci\u00f3n densa.<\/li>\n<\/ul>\n\n\n\n<p>En los <strong>pasos migratorios de primavera y oto\u00f1o<\/strong> la variedad se dispara. Esas son las \u00e9pocas en que los observadores de aves m\u00e1s experimentados visitan las salinas, porque es posible encontrar especies que no est\u00e1n en ning\u00fan otro punto de la Costa Blanca.<\/p>\n\n\n\n<h2 class=\"wp-block-heading\">Cu\u00e1ndo visitar las salinas de Calpe<\/h2>\n\n\n\n<p>Las salinas son visitables todo el a\u00f1o, pero cada \u00e9poca ofrece una experiencia diferente:<\/p>\n\n\n\n<ul class=\"wp-block-list\">\n<li><strong>Primavera (marzo-mayo):<\/strong> \u00e9poca de migraci\u00f3n. La variedad de especies es m\u00e1xima y los flamencos empiezan a concentrarse. El clima es agradable y la luz de la ma\u00f1ana es especialmente buena para fotograf\u00eda.<\/li>\n\n\n\n<li><strong>Verano (junio-agosto):<\/strong> m\u00e1xima concentraci\u00f3n de flamencos, con poblaciones que pueden superar los varios cientos de ejemplares. El calor de mediod\u00eda hace recomendable visitar las salinas a primera hora de la ma\u00f1ana o al atardecer.<\/li>\n\n\n\n<li><strong>Oto\u00f1o (septiembre-noviembre):<\/strong> segundo pico migratorio. Los flamencos siguen presentes y llegan nuevas especies de paso. La luz oto\u00f1al sobre el agua es especialmente fotog\u00e9nica.<\/li>\n\n\n\n<li><strong>Invierno (diciembre-febrero):<\/strong> menos aves en n\u00famero, pero las salinas siguen activas. Es la \u00e9poca m\u00e1s tranquila y la que permite acercarse con mayor calma a los puntos de observaci\u00f3n sin competir con otros visitantes.<\/li>\n<\/ul>\n\n\n\n<p>La hora del d\u00eda tambi\u00e9n importa. Al amanecer y al atardecer las aves est\u00e1n m\u00e1s activas y la luz es mejor. A mediod\u00eda, especialmente en verano, muchas especies descansan y la actividad baja. Si quer\u00e9is fotografiar flamencos en movimiento, las primeras horas de la ma\u00f1ana son las m\u00e1s productivas.<\/p>\n\n\n\n<h2 class=\"wp-block-heading\">C\u00f3mo recorrer las salinas: la ruta circular<\/h2>\n\n\n\n<p>La visita a las salinas se hace mediante un recorrido circular de aproximadamente 3,9 kil\u00f3metros que rodea la laguna por completo. El sendero es completamente llano, sin ning\u00fan desnivel, lo que lo hace accesible para todas las edades y apto para sillas de ruedas en la mayor parte del trazado.<\/p>\n\n\n\n<p>El recorrido completo, haciendo paradas en los miradores y con tiempo para observar las aves, lleva entre 50 minutos y hora y media. En la zona norte hay una secci\u00f3n de senderos de madera con plataformas de observaci\u00f3n elevadas, que son los mejores puntos para ver los flamencos de cerca sin molestarlos.<\/p>\n\n\n\n<p>El recorrido tambi\u00e9n se puede hacer en bicicleta, aunque hay alg\u00fan tramo estrecho que requiere bajar de la bici. Para los observadores de aves m\u00e1s dedicados, los prism\u00e1ticos marcan la diferencia: muchas de las especies m\u00e1s interesantes est\u00e1n en el centro de la laguna, lejos de la orilla.<\/p>\n\n\n\n<h3 class=\"wp-block-heading\">Consejos pr\u00e1cticos para la visita<\/h3>\n\n\n\n<ul class=\"wp-block-list\">\n<li><strong>Ruido:<\/strong> evitad los ruidos fuertes y los movimientos bruscos cerca de los puntos de observaci\u00f3n. Los flamencos son sensibles a las perturbaciones y pueden alejarse si se asustan.<\/li>\n\n\n\n<li><strong>Calzado:<\/strong> el sendero est\u00e1 bien acondicionado, pero en \u00e9poca de lluvias algunas zonas pueden estar encharcadas. Calzado c\u00f3modo y cerrado es suficiente.<\/li>\n\n\n\n<li><strong>Fotograf\u00eda:<\/strong> un teleobjetivo o un zoom potente marcan la diferencia. Con el m\u00f3vil pod\u00e9is conseguir buenas fotos en los miradores m\u00e1s cercanos a los flamencos, pero para el centro de la laguna necesit\u00e1is m\u00e1s alcance \u00f3ptico.<\/li>\n\n\n\n<li><strong>Aparcamiento:<\/strong> hay zonas de aparcamiento en el lado norte de la laguna y es posible aparcar a lo largo de las calles perimetrales. Fuera de temporada alta encontrar sitio es sencillo.<\/li>\n\n\n\n<li><strong>Entrada:<\/strong> el acceso es libre y gratuito durante todo el a\u00f1o.<\/li>\n<\/ul>\n\n\n\n<div style=\"background: #e8f4f8; padding: 25px; border-left: 4px solid #2E75B6; margin: 30px 0; border-radius: 4px;\">\n  <h3 style=\"margin-top: 0; color: #1a3e5c; font-size: 18px;\">\u00bfPlanific\u00e1is una visita a Calpe?<\/h3>\n  <p>Grupo Terra de Mar tiene alojamientos a pocos minutos de las salinas: desde el Loft Salinas, con vistas al Mediterr\u00e1neo justo al lado del paraje natural, hasta Terra de Mar en el casco antiguo o el Apartamento Playa Arenal en primera l\u00ednea de mar.<\/p>\n  <p style=\"margin-bottom: 0; display: flex; gap: 12px; flex-wrap: wrap;\">\n    <a href=\"\/de\/kontakt\/?utm_source=blog&#038;utm_medium=cta&#038;utm_campaign=salinas-calpe&#038;utm_content=cta-mitad\" style=\"background: #2E75B6; color: white; padding: 12px 24px; text-decoration: none; border-radius: 5px; display: inline-block; font-weight: bold;\">Ver alojamientos en Calpe \u2192<\/a>\n    <a href=\"tel:629665124\" style=\"background: #1a3e5c; color: white; padding: 12px 24px; text-decoration: none; border-radius: 5px; display: inline-block; font-weight: bold;\">Llamar (ES) \u2192<\/a>\n    <a href=\"tel:647421561\" style=\"background: #1a3e5c; color: white; padding: 12px 24px; text-decoration: none; border-radius: 5px; display: inline-block; font-weight: bold;\">Llamar (EN) \u2192<\/a>\n  <\/p>\n<\/div>\n\n\n\n<h2 class=\"wp-block-heading\">C\u00f3mo combinar las salinas con el resto de Calpe<\/h2>\n\n\n\n<p>Las salinas est\u00e1n en una posici\u00f3n central que las hace muy f\u00e1ciles de combinar con el resto de visitas del pueblo en el mismo d\u00eda.<\/p>\n\n\n\n<h3 class=\"wp-block-heading\">Salinas + Pe\u00f1\u00f3n de Ifach<\/h3>\n\n\n\n<p>La combinaci\u00f3n m\u00e1s habitual y la m\u00e1s recomendable. <strong>Subid al Pe\u00f1\u00f3n por la ma\u00f1ana<\/strong> (es la parte m\u00e1s exigente f\u00edsicamente y conviene hacerla con fresco), comed en el puerto o en el centro y dedicad la tarde a las salinas. Desde el Pe\u00f1\u00f3n pod\u00e9is ver las salinas desde arriba antes de bajar a recorrerlas. Recordad que el acceso a la cima del Pe\u00f1\u00f3n requiere reserva previa gratuita en la web del Parque Natural.<\/p>\n\n\n\n<p>Gu\u00eda completa del Pe\u00f1\u00f3n: <strong>\u2192 <a href=\"https:\/\/grupoterrademar.com\/de\/guia-senderismo-penon-de-ifach\/\" data-type=\"post\" data-id=\"11120\">Pe\u00f1\u00f3n de Ifach: gu\u00eda de senderismo<\/a><\/strong>.<\/p>\n\n\n\n<h3 class=\"wp-block-heading\">Salinas + Ba\u00f1os de la Reina<\/h3>\n\n\n\n<p>Die <a href=\"https:\/\/www.calpe.es\/es\/descubre-calpe\/turismo-cultural\/museos-y-monumentos\/monumentos\/yacimiento-banos-de-la-reina\" data-type=\"link\" data-id=\"https:\/\/www.calpe.es\/es\/descubre-calpe\/turismo-cultural\/museos-y-monumentos\/monumentos\/yacimiento-banos-de-la-reina\" target=\"_blank\" rel=\"noopener\">Die B\u00e4der der K\u00f6nigin<\/a> est\u00e1n a apenas diez minutos a pie de las salinas, en el extremo sur del paraje. Es un conjunto de piscinas naturales talladas en la roca, restos de una villa romana del siglo I d.C., que se pueden visitar al borde del agua. Combinar las dos visitas permite entender la conexi\u00f3n hist\u00f3rica entre ambos lugares: la sal de las salinas y el pescado que se procesaba en la factor\u00eda romana que dio origen a los ba\u00f1os son parte de la misma historia.<\/p>\n\n\n\n<figure class=\"wp-block-image aligncenter size-full\"><img fetchpriority=\"high\" decoding=\"async\" width=\"835\" height=\"500\" src=\"https:\/\/grupoterrademar.com\/wp-content\/uploads\/2026\/04\/banos-de-la-reina.jpg\" alt=\"\" class=\"wp-image-11200\" srcset=\"https:\/\/grupoterrademar.com\/wp-content\/uploads\/2026\/04\/banos-de-la-reina.jpg 835w, https:\/\/grupoterrademar.com\/wp-content\/uploads\/2026\/04\/banos-de-la-reina-300x180.jpg 300w, https:\/\/grupoterrademar.com\/wp-content\/uploads\/2026\/04\/banos-de-la-reina-768x460.jpg 768w, https:\/\/grupoterrademar.com\/wp-content\/uploads\/2026\/04\/banos-de-la-reina-18x12.jpg 18w\" sizes=\"(max-width: 835px) 100vw, 835px\" \/><figcaption class=\"wp-element-caption\">Ba\u00f1os de la Reina. Cr\u00e9dito: Calpe.es<\/figcaption><\/figure>\n\n\n\n<h3 class=\"wp-block-heading\">Salinas + playas<\/h3>\n\n\n\n<p>El recorrido perimetral de las salinas conecta naturalmente con el Sendero Ecol\u00f3gico Litoral que une las <strong>distintas playas y calas de Calpe<\/strong>. Desde el extremo sur de las salinas pod\u00e9is enlazar con la Cala Les Urques (playa canina oficial de Calpe) y continuar hacia la playa de La Fossa. En el lado norte, la playa del Arenal-Bol est\u00e1 a pocos minutos a pie.<\/p>\n\n\n\n<h3 class=\"wp-block-heading\">Salinas al amanecer<\/h3>\n\n\n\n<p>Si os aloj\u00e1is en Calpe, <strong>madrugar para ver las salinas al amanecer es uno de esos planes que se recuerdan<\/strong>. La laguna en calma, la luz rosa del amanecer sobre los flamencos y el Pe\u00f1\u00f3n de Ifach al fondo es una imagen que no tiene equivalente en la Costa Blanca. Es tambi\u00e9n la hora en que las aves est\u00e1n m\u00e1s activas y la afluencia de visitantes es m\u00ednima.<\/p>\n\n\n\n<h2 class=\"wp-block-heading\">Alojarse junto a las salinas: el Loft Salinas de Grupo Terra de Mar<\/h2>\n\n\n\n<p>Si quer\u00e9is tener las salinas literalmente a la puerta, el <strong><a href=\"https:\/\/grupoterrademar.com\/de\/loft-salinas\/\" data-type=\"page\" data-id=\"3926\">Loft Salinas<\/a><\/strong> es el alojamiento m\u00e1s cercano al paraje natural de todos los que gestiona Grupo Terra de Mar en Calpe. Un loft dise\u00f1ado para dos personas, con vistas al Mediterr\u00e1neo desde el balc\u00f3n y desde la cama, cocina equipada y a pasos del sendero perimetral de las salinas.<\/p>\n\n\n\n<p>Despertarse por la ma\u00f1ana, preparar el caf\u00e9 y bajar a las salinas antes de que lleguen los primeros visitantes del d\u00eda es exactamente el tipo de plan que este alojamiento permite. Fuera de temporada, cuando la laguna est\u00e1 tranquila y los flamencos m\u00e1s cerca, la experiencia es especialmente memorable.<\/p>\n\n\n\n<p>M\u00e1s informaci\u00f3n: <strong>\u2192 <a href=\"https:\/\/grupoterrademar.com\/de\/loft-salinas\/\" data-type=\"page\" data-id=\"3926\">Loft Salinas Calpe<\/a><\/strong>.<\/p>\n\n\n\n<div style=\"background: #e8f4f8; padding: 25px; border-left: 4px solid #2E75B6; margin: 30px 0; border-radius: 4px;\">\n  <h3 style=\"margin-top: 0; color: #1a3e5c; font-size: 18px;\">\u00bfOs qued\u00e1is a dormir en Calpe?<\/h3>\n  <p>Tenemos cuatro alojamientos en Calpe para perfiles distintos: Loft Salinas (para dos, junto al paraje natural), Terra de Mar (hotel boutique en el casco antiguo), Apartamento Playa Arenal (primera l\u00ednea de mar) y Villa Alegre (villa para seis con jard\u00edn y piscina). Consultadnos disponibilidad.<\/p>\n  <p style=\"margin-bottom: 0; display: flex; gap: 12px; flex-wrap: wrap;\">\n    <a href=\"\/de\/kontakt\/?utm_source=blog&#038;utm_medium=cta&#038;utm_campaign=salinas-calpe&#038;utm_content=cta-final\" style=\"background: #2E75B6; color: white; padding: 12px 24px; text-decoration: none; border-radius: 5px; display: inline-block; font-weight: bold;\">Ver alojamientos en Calpe \u2192<\/a>\n    <a href=\"tel:629665124\" style=\"background: #1a3e5c; color: white; padding: 12px 24px; text-decoration: none; border-radius: 5px; display: inline-block; font-weight: bold;\">Llamar (ES) \u2192<\/a>\n    <a href=\"tel:647421561\" style=\"background: #1a3e5c; color: white; padding: 12px 24px; text-decoration: none; border-radius: 5px; display: inline-block; font-weight: bold;\">Llamar (EN) \u2192<\/a>\n  <\/p>\n<\/div>\n\n\n\n<h2 class=\"wp-block-heading\">Preguntas frecuentes sobre las salinas de Calpe<\/h2>\n\n\n<div id=\"rank-math-faq\" class=\"rank-math-block\">\n<div class=\"rank-math-list\">\n<div id=\"faq-question-1777469566654\" class=\"rank-math-list-item\">\n<h3 class=\"rank-math-question\">\u00bfCu\u00e1ndo se pueden ver flamencos en las salinas de Calpe?<\/h3>\n<div class=\"rank-math-answer\">\n\n<p>Los flamencos est\u00e1n presentes en las salinas durante gran parte del a\u00f1o, pero los meses de mayor concentraci\u00f3n son de mayo a agosto, cuando la poblaci\u00f3n puede alcanzar varios cientos de ejemplares. En oto\u00f1o y primavera tambi\u00e9n son habituales, coincidiendo con los pasos migratorios.<\/p>\n\n<\/div>\n<\/div>\n<div id=\"faq-question-1777469572273\" class=\"rank-math-list-item\">\n<h3 class=\"rank-math-question\">\u00bfEs gratuita la visita a las salinas?<\/h3>\n<div class=\"rank-math-answer\">\n\n<p>S\u00ed, el acceso al sendero perimetral de las salinas es completamente gratuito y libre durante todo el a\u00f1o.<\/p>\n\n<\/div>\n<\/div>\n<div id=\"faq-question-1777469577489\" class=\"rank-math-list-item\">\n<h3 class=\"rank-math-question\">\u00bfCu\u00e1nto tiempo lleva recorrerlas?<\/h3>\n<div class=\"rank-math-answer\">\n\n<p>El recorrido circular completo de 3,9 kil\u00f3metros lleva entre 50 minutos y hora y media, dependiendo del ritmo y del tiempo que dediqu\u00e9is a observar las aves en los miradores.<\/p>\n\n<\/div>\n<\/div>\n<div id=\"faq-question-1777469583841\" class=\"rank-math-list-item\">\n<h3 class=\"rank-math-question\">\u00bfSe puede ir con ni\u00f1os?<\/h3>\n<div class=\"rank-math-answer\">\n\n<p>Es una visita ideal para familias con ni\u00f1os. El sendero es completamente llano y accesible, y ver flamencos de cerca es una experiencia que suele impactar mucho a los m\u00e1s peque\u00f1os. Llevad prism\u00e1ticos si ten\u00e9is, porque aumentan mucho la experiencia.<\/p>\n\n<\/div>\n<\/div>\n<div id=\"faq-question-1777469589250\" class=\"rank-math-list-item\">\n<h3 class=\"rank-math-question\">\u00bfSe puede ir con perro?<\/h3>\n<div class=\"rank-math-answer\">\n\n<p>El sendero perimetral es accesible con perro con correa. Tened en cuenta que los perros pueden asustar a las aves si se acercan demasiado a los puntos de observaci\u00f3n, as\u00ed que conviene mantenerlos bien controlados cerca de los miradores.<\/p>\n\n<\/div>\n<\/div>\n<div id=\"faq-question-1777469597119\" class=\"rank-math-list-item\">\n<h3 class=\"rank-math-question\">\u00bfHay aparcamiento?<\/h3>\n<div class=\"rank-math-answer\">\n\n<p>Hay zonas de aparcamiento en el lado norte de la laguna y es posible aparcar en las calles perimetrales. Fuera de temporada alta es sencillo encontrar sitio. En julio y agosto conviene llegar temprano.<\/p>\n\n<\/div>\n<\/div>\n<div id=\"faq-question-1777469602644\" class=\"rank-math-list-item\">\n<h3 class=\"rank-math-question\">\u00bfHay que reservar?<\/h3>\n<div class=\"rank-math-answer\">\n\n<p>No. El acceso es libre, sin reserva previa ni horario de cierre.<\/p>\n\n<\/div>\n<\/div>\n<\/div>\n<\/div>\n\n\n<p>Imagen portada: Imagen de <a href=\"https:\/\/pixabay.com\/es\/users\/denisdoukhan-607002\/?utm_source=link-attribution&amp;utm_medium=referral&amp;utm_campaign=image&amp;utm_content=912867\" target=\"_blank\" rel=\"noreferrer noopener nofollow\">Denis Doukhan<\/a> unter <a href=\"https:\/\/pixabay.com\/es\/\/?utm_source=link-attribution&amp;utm_medium=referral&amp;utm_campaign=image&amp;utm_content=912867\" target=\"_blank\" rel=\"noreferrer noopener nofollow\">Pixabay<\/a>.<\/p>","protected":false},"excerpt":{"rendered":"<p>Todo sobre las Salinas de Calpe: historia, aves que puedes ver, cu\u00e1ndo ir para ver flamencos, c\u00f3mo llegar y c\u00f3mo combinar la visita con el Pe\u00f1\u00f3n de Ifach y los Ba\u00f1os de la Reina.<\/p>","protected":false},"author":1,"featured_media":11199,"comment_status":"open","ping_status":"open","sticky":false,"template":"","format":"standard","meta":{"footnotes":""},"categories":[71],"tags":[96,88],"class_list":["post-11198","post","type-post","status-publish","format-standard","has-post-thumbnail","hentry","category-calpe","tag-alojamiento-calpe","tag-alojamientos-experiencias"],"_links":{"self":[{"href":"https:\/\/grupoterrademar.com\/de\/wp-json\/wp\/v2\/posts\/11198","targetHints":{"allow":["GET"]}}],"collection":[{"href":"https:\/\/grupoterrademar.com\/de\/wp-json\/wp\/v2\/posts"}],"about":[{"href":"https:\/\/grupoterrademar.com\/de\/wp-json\/wp\/v2\/types\/post"}],"author":[{"embeddable":true,"href":"https:\/\/grupoterrademar.com\/de\/wp-json\/wp\/v2\/users\/1"}],"replies":[{"embeddable":true,"href":"https:\/\/grupoterrademar.com\/de\/wp-json\/wp\/v2\/comments?post=11198"}],"version-history":[{"count":1,"href":"https:\/\/grupoterrademar.com\/de\/wp-json\/wp\/v2\/posts\/11198\/revisions"}],"predecessor-version":[{"id":11201,"href":"https:\/\/grupoterrademar.com\/de\/wp-json\/wp\/v2\/posts\/11198\/revisions\/11201"}],"wp:featuredmedia":[{"embeddable":true,"href":"https:\/\/grupoterrademar.com\/de\/wp-json\/wp\/v2\/media\/11199"}],"wp:attachment":[{"href":"https:\/\/grupoterrademar.com\/de\/wp-json\/wp\/v2\/media?parent=11198"}],"wp:term":[{"taxonomy":"category","embeddable":true,"href":"https:\/\/grupoterrademar.com\/de\/wp-json\/wp\/v2\/categories?post=11198"},{"taxonomy":"post_tag","embeddable":true,"href":"https:\/\/grupoterrademar.com\/de\/wp-json\/wp\/v2\/tags?post=11198"}],"curies":[{"name":"wp","href":"https:\/\/api.w.org\/{rel}","templated":true}]}}