{"id":10872,"date":"2025-09-18T15:42:50","date_gmt":"2025-09-18T15:42:50","guid":{"rendered":"https:\/\/grupoterrademar.com\/?p=10872"},"modified":"2025-11-24T18:35:05","modified_gmt":"2025-11-24T18:35:05","slug":"mejor-epoca-subir-sierra-bernia-clima-condiciones","status":"publish","type":"post","link":"https:\/\/grupoterrademar.com\/de\/mejor-epoca-subir-sierra-bernia-clima-condiciones\/","title":{"rendered":"Mejor \u00e9poca para subir Sierra de Bernia: clima y condiciones perfectas"},"content":{"rendered":"\n<p><em>Una gu\u00eda completa sobre cu\u00e1ndo disfrutar al m\u00e1ximo de esta joya del senderismo en la Costa Blanca<\/em><\/p>\n\n\n\n<p>La Sierra de Bernia, esa imponente cordillera que se alza majestuosa entre Altea, Benissa y Jal\u00f3n, es sin duda una de las rutas de senderismo m\u00e1s espectaculares de la provincia de Alicante. Sus 1.128 metros de altitud ofrecen vistas panor\u00e1micas que quitan el aliento, desde el azul infinito del Mediterr\u00e1neo hasta los picos m\u00e1s altos del interior valenciano. Pero para disfrutar plenamente de esta experiencia \u00fanica, es fundamental elegir la \u00e9poca adecuada.<\/p>\n\n\n\n<p>Tras a\u00f1os recomendando excursiones desde nuestros alojamientos en la Costa Blanca y conversaciones con cientos de senderistas que se han hospedado con nosotros, hemos recopilado toda la informaci\u00f3n que necesitas para planificar tu ascensi\u00f3n a la Sierra de Bernia en las mejores condiciones posibles.<\/p>\n\n\n\n<h2 class=\"wp-block-heading\">An\u00e1lisis clim\u00e1tico detallado de la Sierra de Bernia<\/h2>\n\n\n\n<h3 class=\"wp-block-heading\">Temperaturas a lo largo del a\u00f1o<\/h3>\n\n\n\n<p>La Sierra de Bernia, debido a su altitud de m\u00e1s de 1.100 metros, presenta un microclima mediterr\u00e1neo de monta\u00f1a que difiere significativamente del clima costero. Las temperaturas pueden variar entre 8-12\u00b0C respecto a las registradas en Altea o Benissa, especialmente durante la noche y primeras horas de la ma\u00f1ana.<\/p>\n\n\n\n<p><strong>Enero-Febrero<\/strong>: las temperaturas oscilan entre 2-8\u00b0C en la cumbre durante las primeras horas del d\u00eda, alcanzando los 12-16\u00b0C al mediod\u00eda. Es la \u00e9poca m\u00e1s fr\u00eda, pero tambi\u00e9n ofrece d\u00edas cristalinos espectaculares.<\/p>\n\n\n\n<p><strong>Marzo-Mayo<\/strong>: la temperatura asciende progresivamente desde los 6-12\u00b0C matutinos hasta los 18-22\u00b0C al mediod\u00eda. Esta \u00e9poca dorada del senderismo ofrece las condiciones m\u00e1s equilibradas.<\/p>\n\n\n\n<p><strong>Junio-Agosto<\/strong>: las madrugadas rondan los 16-20\u00b0C, pero al mediod\u00eda se pueden superar los 32-36\u00b0C en las zonas expuestas. El calor puede ser agobiante, especialmente en el tramo final hacia el Fuerte.<\/p>\n\n\n\n<p><strong>Septiembre-Noviembre<\/strong>: temperaturas muy similares a la primavera, oscilando entre 8-14\u00b0C en las primeras horas y 20-26\u00b0C durante el d\u00eda. Excelente \u00e9poca para el senderismo.<\/p>\n\n\n\n<p><strong>Diciembre<\/strong>: transici\u00f3n hacia el fr\u00edo invernal, con temperaturas de 4-10\u00b0C por la ma\u00f1ana y 14-18\u00b0C al mediod\u00eda.<\/p>\n\n\n\n<h3 class=\"wp-block-heading\">Precipitaciones y humedad<\/h3>\n\n\n\n<p>La Sierra de Bernia recibe una media de 350-400mm de precipitaci\u00f3n anual, concentrada principalmente entre octubre y abril. Los meses m\u00e1s secos son julio y agosto, con apenas 10-15mm de lluvia acumulada.<\/p>\n\n\n\n<h4 class=\"wp-block-heading\">Patr\u00f3n<strong> de lluvias<\/strong>:<\/h4>\n\n\n\n<ul class=\"wp-block-list\">\n<li><strong>Octubre-Diciembre<\/strong>: 40-60mm mensuales, con posibilidad de tormentas intensas pero breves<\/li>\n\n\n\n<li><strong>Enero-Marzo<\/strong>: 25-40mm mensuales, lluvia m\u00e1s constante pero suave<\/li>\n\n\n\n<li><strong>Abril-Mayo<\/strong>: 20-35mm mensuales, chubascos ocasionales<\/li>\n\n\n\n<li><strong>Junio-Septiembre<\/strong>: 5-20mm mensuales, pr\u00e1cticamente inexistente<\/li>\n<\/ul>\n\n\n\n<p>La humedad relativa oscila entre el 65-75% durante el d\u00eda, aumentando hasta el 85-95% durante la noche, especialmente en los meses de oto\u00f1o e invierno.<\/p>\n\n\n\n<h2 class=\"wp-block-heading\">An\u00e1lisis estacional detallado<\/h2>\n\n\n\n<h3 class=\"wp-block-heading\">Primavera (marzo-mayo): la \u00e9poca dorada<\/h3>\n\n\n\n<p><strong>Por qu\u00e9 es la mejor \u00e9poca:<\/strong><\/p>\n\n\n\n<p>La primavera representa el momento ideal para conquistar la Sierra de Bernia. Las condiciones meteorol\u00f3gicas alcanzan el equilibrio perfecto: temperaturas suaves, precipitaciones moderadas y una explosi\u00f3n de vida natural que convierte cada paso en un espect\u00e1culo sensorial.<\/p>\n\n\n\n<p><strong>Condiciones clim\u00e1ticas espec\u00edficas:<\/strong><\/p>\n\n\n\n<p><em>Marzo<\/em>: las temperaturas matutinas oscilan entre 8-12\u00b0C, perfectas para comenzar la ascensi\u00f3n sin sentir fr\u00edo. A medida que avanza el d\u00eda, el term\u00f3metro alcanza los 16-20\u00b0C, ideal para caminar sin agobiarse. Las precipitaciones rondan los 30mm mensuales, generalmente en forma de chubascos breves que refrescan el ambiente.<\/p>\n\n\n\n<p><em>Abril<\/em>: considerado por muchos expertos como el mes perfecto. Las ma\u00f1anas arrancan con 10-14\u00b0C, subiendo hasta los 18-22\u00b0C al mediod\u00eda. La probabilidad de lluvia desciende (25mm), y cuando llueve, suele ser por la tarde-noche, dejando las ma\u00f1anas despejadas.<\/p>\n\n\n\n<p><em>Mayo<\/em>: las temperaturas se elevan ligeramente (12-16\u00b0C matutinos, 20-24\u00b0C diurnos), pero a\u00fan resultan muy confortables. Las precipitaciones se reducen a 20mm mensuales, concentradas en tormentas vespertinas ocasionales.<\/p>\n\n\n\n<p><strong>Ventajas \u00fanicas de la primavera:<\/strong><\/p>\n\n\n\n<ul class=\"wp-block-list\">\n<li><strong>Flora espectacular<\/strong>: la Sierra de Bernia se viste de gala con m\u00e1s de 200 especies florales. Destacan las orqu\u00eddeas silvestres, las jaras blancas, el romero en flor y los almendros que a\u00fan conservan sus \u00faltimas flores en marzo.<\/li>\n\n\n\n<li><strong>Visibilidad excepcional<\/strong>: tras las lluvias invernales, la atm\u00f3sfera se limpia, ofreciendo vistas que pueden alcanzar los 150-200 kil\u00f3metros en d\u00edas especialmente claros.<\/li>\n\n\n\n<li><strong>Fauna activa<\/strong>: es el per\u00edodo de mayor actividad animal. Podr\u00e1s observar \u00e1guilas reales, halcones peregrinos, cabras montesas y m\u00e1s de 80 especies de aves.<\/li>\n\n\n\n<li><strong>Horas de luz ideales<\/strong>: entre 11-14 horas de luz solar, perfectas para rutas largas sin prisas.<\/li>\n\n\n\n<li><strong>Nieve ocasional<\/strong>: en marzo pueden darse nevadas ligeras que crean paisajes m\u00e1gicos sin dificultar la ruta.<\/li>\n<\/ul>\n\n\n\n<p><strong>Desde nuestros alojamientos<\/strong>: desde Villa Samar en Altea (15 minutos en coche) o La Fonda de Benissa (20 minutos), podr\u00e1s aprovechar las frescas ma\u00f1anas primaverales. Recomendamos salir entre 8:00-9:00h para disfrutar del despertar de la monta\u00f1a.<\/p>\n\n\n\n<h3 class=\"wp-block-heading\">Verano (junio-agosto): para expertos madrugadores<\/h3>\n\n\n\n<p><strong>Desaf\u00edos del verano:<\/strong><\/p>\n\n\n\n<p>El verano en la Sierra de Bernia no est\u00e1 exento de belleza, pero requiere una planificaci\u00f3n meticulosa y, sobre todo, madrug\u00f3n obligatorio. Las temperaturas pueden superar los 35\u00b0C en las zonas expuestas, y la ausencia casi total de sombra en gran parte del recorrido convierte la ruta en un desaf\u00edo f\u00edsico considerable.<\/p>\n\n\n\n<p><strong>Condiciones espec\u00edficas por mes:<\/strong><\/p>\n\n\n\n<p><em>Junio<\/em>: a\u00fan conserva parte del car\u00e1cter primaveral. Las madrugadas arrancan con 16-18\u00b0C muy agradables, pero al mediod\u00eda se alcanzan los 28-32\u00b0C. La humedad matutina puede crear neblinas espectaculares al amanecer.<\/p>\n\n\n\n<p><em>Julio-Agosto<\/em>: los meses m\u00e1s duros. Temperaturas nocturnas de 18-22\u00b0C y diurnas que superan los 32-36\u00b0C. La ausencia de precipitaciones (menos de 10mm mensuales) y la sequedad del ambiente hacen necesaria una hidrataci\u00f3n constante.<\/p>\n\n\n\n<p><strong>Estrategias para el verano:<\/strong><\/p>\n\n\n\n<ul class=\"wp-block-list\">\n<li><strong>Salida ultra-temprana<\/strong>: entre 5:30-6:30h para completar la ruta antes de las 11:00h<\/li>\n\n\n\n<li><strong>Hidrataci\u00f3n extrema<\/strong>: m\u00ednimo 3 litros por persona, congelados parcialmente la noche anterior<\/li>\n\n\n\n<li><strong>Ropa t\u00e9cnica<\/strong>: colores claros, manga larga transpirable y sombrero obligatorio<\/li>\n\n\n\n<li><strong>Ruta inversa<\/strong>: comenzar por el Fuerte para evitar la exposici\u00f3n solar del tramo final<\/li>\n<\/ul>\n\n\n\n<p><strong>Ventajas del verano:<\/strong><\/p>\n\n\n\n<ul class=\"wp-block-list\">\n<li><strong>Garant\u00eda meteorol\u00f3gica<\/strong>: 95% probabilidad de d\u00eda despejado<\/li>\n\n\n\n<li><strong>Atardeceres espectaculares<\/strong>: si optas por una ruta vespertina (despu\u00e9s de las 17:00h)<\/li>\n\n\n\n<li><strong>Experiencia \u00fanica<\/strong>: la sensaci\u00f3n de conquista es m\u00e1xima<\/li>\n\n\n\n<li><strong>Menos masificaci\u00f3n<\/strong>: muchos senderistas evitan esta \u00e9poca<\/li>\n<\/ul>\n\n\n\n<p><strong>Desde nuestros alojamientos<\/strong>: la proximidad de nuestras propiedades es crucial en verano. Desde Hostal La Fonda en Benissa o nuestra villa en Altea, puedes estar en el inicio de ruta antes del amanecer, aprovechando las horas m\u00e1s frescas.<\/p>\n\n\n\n<h3 class=\"wp-block-heading\">Oto\u00f1o (septiembre-noviembre): la estaci\u00f3n sorpresa<\/h3>\n\n\n\n<figure class=\"wp-block-image aligncenter size-large\"><img fetchpriority=\"high\" decoding=\"async\" width=\"1024\" height=\"679\" src=\"https:\/\/grupoterrademar.com\/wp-content\/uploads\/2025\/09\/temperatura-sierra-de-bernia-1024x679.png\" alt=\"\" class=\"wp-image-10876\" srcset=\"https:\/\/grupoterrademar.com\/wp-content\/uploads\/2025\/09\/temperatura-sierra-de-bernia-1024x679.png 1024w, https:\/\/grupoterrademar.com\/wp-content\/uploads\/2025\/09\/temperatura-sierra-de-bernia-300x199.png 300w, https:\/\/grupoterrademar.com\/wp-content\/uploads\/2025\/09\/temperatura-sierra-de-bernia-768x509.png 768w, https:\/\/grupoterrademar.com\/wp-content\/uploads\/2025\/09\/temperatura-sierra-de-bernia-18x12.png 18w, https:\/\/grupoterrademar.com\/wp-content\/uploads\/2025\/09\/temperatura-sierra-de-bernia.png 1200w\" sizes=\"(max-width: 1024px) 100vw, 1024px\" \/><figcaption class=\"wp-element-caption\">Temperatura en Sierra de Bernia del 17 al 23 de septiembre (2025). Cr\u00e9dito: captura<\/figcaption><\/figure>\n\n\n\n<p><strong>Por qu\u00e9 el oto\u00f1o es excepcional:<\/strong><\/p>\n\n\n\n<p>Si la primavera es la \u00e9poca dorada, el oto\u00f1o es la joya oculta de la Sierra de Bernia. Las temperaturas vuelven a ser perfectas, la luz adquiere una calidad especial y la monta\u00f1a se prepara para el descanso invernal con una explosi\u00f3n final de colores.<\/p>\n\n\n\n<p><strong>Condiciones mes a mes:<\/strong><\/p>\n\n\n\n<p><em>Septiembre<\/em>: mantiene parte del car\u00e1cter estival pero con temperaturas m\u00e1s suaves. Madrugadas de 14-18\u00b0C y d\u00edas de 24-28\u00b0C. Las primeras tormentas oto\u00f1ales (septiembre suele traer 20-25mm) refrescan el ambiente.<\/p>\n\n\n\n<p><em>Octubre<\/em>: mes espectacular con temperaturas ideales: 10-14\u00b0C matutinos y 20-24\u00b0C diurnos. Las precipitaciones aumentan (40-50mm) pero suelen concentrarse en episodios concretos, dejando muchos d\u00edas perfectos.<\/p>\n\n\n\n<p><em>Noviembre<\/em>: transici\u00f3n hacia el invierno con 8-12\u00b0C matutinos y 16-20\u00b0C al mediod\u00eda. Las lluvias se intensifican (45-55mm) pero ofrecen paisajes lavados espectaculares.<\/p>\n\n\n\n<p><strong>Ventajas espec\u00edficas del oto\u00f1o:<\/strong><\/p>\n\n\n\n<ul class=\"wp-block-list\">\n<li><strong>Luz m\u00e1gica<\/strong>: la luz oto\u00f1al, m\u00e1s rasante y dorada, crea condiciones fotogr\u00e1ficas excepcionales<\/li>\n\n\n\n<li><strong>Colores \u00fanicos<\/strong>: los pocos \u00e1rboles caducifolius de la sierra ofrecen pinceladas doradas y rojizas<\/li>\n\n\n\n<li><strong>Temperaturas perfectas<\/strong>: ni fr\u00edo ni calor, ideal para caminar a cualquier ritmo<\/li>\n\n\n\n<li><strong>Claridad atmosf\u00e9rica<\/strong>: tras las primeras lluvias, la visibilidad es extraordinaria<\/li>\n\n\n\n<li><strong>Migraci\u00f3n<\/strong>: \u00e9poca de paso de aves migratorias, espect\u00e1culo ornitol\u00f3gico garantizado<\/li>\n\n\n\n<li><strong>Setas<\/strong>: en a\u00f1os h\u00famedos, aparici\u00f3n de diversas especies de hongos<\/li>\n<\/ul>\n\n\n\n<p><strong>Desde nuestros alojamientos<\/strong>: las propiedades de Terra de Mar se convierten en el refugio perfecto tras una jornada oto\u00f1al en la Sierra y Ca Sana en Teulada ofrecen chimenea para las tardes m\u00e1s frescas.<\/p>\n\n\n\n<h3 class=\"wp-block-heading\">Invierno (diciembre-febrero): la experiencia alpina<\/h3>\n\n\n\n<p><strong>El invierno m\u00e1s aut\u00e9ntico:<\/strong><\/p>\n\n\n\n<p>Aunque muchos descarten el invierno, la Sierra de Bernia ofrece durante esta \u00e9poca una experiencia casi alpina en pleno Mediterr\u00e1neo. Las condiciones pueden ser desafiantes, pero las recompensas son extraordinarias.<\/p>\n\n\n\n<p><strong>Condiciones invernales:<\/strong><\/p>\n\n\n\n<p><em>Diciembre<\/em>: transici\u00f3n suave con 6-10\u00b0C matutinos y 14-18\u00b0C diurnos. Primeras heladas ocasionales en la cumbre.<\/p>\n\n\n\n<p><em>Enero-Febrero<\/em>: los meses m\u00e1s fr\u00edos con 2-6\u00b0C al amanecer y 10-14\u00b0C al mediod\u00eda. Posibilidad de nieve 3-5 d\u00edas al a\u00f1o, generalmente ligera pero transformadora del paisaje.<\/p>\n\n\n\n<p><strong>Desaf\u00edos y preparaci\u00f3n invernal:<\/strong><\/p>\n\n\n\n<ul class=\"wp-block-list\">\n<li><strong>Ropa t\u00e9cnica imprescindible<\/strong>: capas, cortavientos y calzado adherente<\/li>\n\n\n\n<li><strong>Horarios ajustados<\/strong>: salida no antes de las 9:00h para evitar hielo matutino<\/li>\n\n\n\n<li><strong>Hidrataci\u00f3n<\/strong>: aunque haga fr\u00edo, la deshidrataci\u00f3n es un riesgo real<\/li>\n\n\n\n<li><strong>Comunicaci\u00f3n<\/strong>: informar del plan de ruta, ya que hay menos senderistas<\/li>\n<\/ul>\n\n\n\n<p><strong>Recompensas \u00fanicas del invierno:<\/strong><\/p>\n\n\n\n<ul class=\"wp-block-list\">\n<li><strong>Soledad absoluta<\/strong>: la monta\u00f1a para ti solo<\/li>\n\n\n\n<li><strong>Paisajes nevados<\/strong>: cuando nieva, la sierra se transforma en un escenario de cuento<\/li>\n\n\n\n<li><strong>Claridad extrema<\/strong>: los d\u00edas claros de invierno ofrecen las mejores vistas del a\u00f1o<\/li>\n\n\n\n<li><strong>Experiencia aut\u00e9ntica<\/strong>: sensaci\u00f3n de verdadera aventura<\/li>\n\n\n\n<li><strong>Aire puro<\/strong>: sin polvo estival, la calidad del aire es excepcional<\/li>\n<\/ul>\n\n\n\n<figure class=\"wp-block-image aligncenter size-large\"><img decoding=\"async\" width=\"1024\" height=\"768\" src=\"https:\/\/grupoterrademar.com\/wp-content\/uploads\/2025\/09\/sierra-de-bernia-nevada-invierno-1024x768.jpg\" alt=\"\" class=\"wp-image-10879\" srcset=\"https:\/\/grupoterrademar.com\/wp-content\/uploads\/2025\/09\/sierra-de-bernia-nevada-invierno-1024x768.jpg 1024w, https:\/\/grupoterrademar.com\/wp-content\/uploads\/2025\/09\/sierra-de-bernia-nevada-invierno-300x225.jpg 300w, https:\/\/grupoterrademar.com\/wp-content\/uploads\/2025\/09\/sierra-de-bernia-nevada-invierno-768x576.jpg 768w, https:\/\/grupoterrademar.com\/wp-content\/uploads\/2025\/09\/sierra-de-bernia-nevada-invierno-16x12.jpg 16w, https:\/\/grupoterrademar.com\/wp-content\/uploads\/2025\/09\/sierra-de-bernia-nevada-invierno.jpg 1200w\" sizes=\"(max-width: 1024px) 100vw, 1024px\" \/><figcaption class=\"wp-element-caption\">Sierra de Bernia nevada. Cr\u00e9dito: Sergio Mas en Flickr.<\/figcaption><\/figure>\n\n\n\n<h3 class=\"wp-block-heading\">Clasificaci\u00f3n definitiva por \u00e9pocas<\/h3>\n\n\n\n<p><strong>\u00c9poca perfecta (9\/10): abril-mayo y octubre<\/strong><\/p>\n\n\n\n<ul class=\"wp-block-list\">\n<li>Temperaturas ideales (10-22\u00b0C)<\/li>\n\n\n\n<li>Precipitaciones moderadas<\/li>\n\n\n\n<li>Flora y fauna en plenitud<\/li>\n\n\n\n<li>Visibilidad excepcional<\/li>\n\n\n\n<li>Experiencia completa garantizada<\/li>\n<\/ul>\n\n\n\n<p><strong>\u00c9poca excelente (8\/10): marzo, septiembre, noviembre<\/strong><\/p>\n\n\n\n<ul class=\"wp-block-list\">\n<li>Condiciones muy favorables<\/li>\n\n\n\n<li>Alg\u00fan inconveniente menor (fr\u00edo matutino o lluvia ocasional)<\/li>\n\n\n\n<li>Experiencia muy satisfactoria<\/li>\n\n\n\n<li>Recomendado para todos los niveles<\/li>\n<\/ul>\n\n\n\n<p><strong>\u00c9poca buena (7\/10): diciembre-febrero<\/strong><\/p>\n\n\n\n<ul class=\"wp-block-list\">\n<li>Para senderistas experimentados<\/li>\n\n\n\n<li>Condiciones variables, pero recompensa alta<\/li>\n\n\n\n<li>Necesaria preparaci\u00f3n espec\u00edfica<\/li>\n\n\n\n<li>Experiencia \u00fanica y aut\u00e9ntica<\/li>\n<\/ul>\n\n\n\n<p><strong>\u00c9poca desafiante(6\/10): junio-agosto<\/strong><\/p>\n\n\n\n<ul class=\"wp-block-list\">\n<li>Solo para expertos madrugadores<\/li>\n\n\n\n<li>Planificaci\u00f3n extrema necesaria<\/li>\n\n\n\n<li>Riesgo de deshidrataci\u00f3n y golpe de calor<\/li>\n\n\n\n<li>Recompensa alta pero esfuerzo m\u00e1ximo<\/li>\n<\/ul>\n\n\n\n<h3 class=\"wp-block-heading\">Condiciones espec\u00edficas por actividad<\/h3>\n\n\n\n<p><strong>Para familias con ni\u00f1os<\/strong><\/p>\n\n\n\n<ul class=\"wp-block-list\">\n<li><strong>\u00d3ptimo<\/strong>: Abril-Mayo, Septiembre-Octubre<\/li>\n\n\n\n<li><strong>Evitar<\/strong>: Julio-Agosto, Enero-Febrero<\/li>\n\n\n\n<li><strong>Consideraciones<\/strong>: menores temperaturas extremas, mayor seguridad<\/li>\n<\/ul>\n\n\n\n<p><strong>Para fotograf\u00eda de paisaje<\/strong><\/p>\n\n\n\n<ul class=\"wp-block-list\">\n<li><strong>\u00d3ptimo<\/strong>: Octubre-Noviembre, Febrero-Marzo<\/li>\n\n\n\n<li><strong>Luz dorada<\/strong>: oto\u00f1o e invierno ofrecen las mejores condiciones lum\u00ednicas<\/li>\n\n\n\n<li><strong>Visibilidad<\/strong>: d\u00edas posteriores a lluvia garantizan claridad extrema<\/li>\n<\/ul>\n\n\n\n<p><strong>Para observaci\u00f3n de fauna<\/strong><\/p>\n\n\n\n<ul class=\"wp-block-list\">\n<li><strong>\u00d3ptimo<\/strong>: Marzo-Mayo, Septiembre-Octubre<\/li>\n\n\n\n<li><strong>Migraci\u00f3n<\/strong>: Abril-Mayo y Septiembre para aves<\/li>\n\n\n\n<li><strong>Mam\u00edferos<\/strong>: madrugadas de primavera y oto\u00f1o<\/li>\n<\/ul>\n\n\n\n<p><strong>Para senderistas principiantes<\/strong><\/p>\n\n\n\n<ul class=\"wp-block-list\">\n<li><strong>\u00d3ptimo<\/strong>: Abril-Mayo, Octubre<\/li>\n\n\n\n<li><strong>Evitar<\/strong>: Enero-Febrero, Julio-Agosto<\/li>\n\n\n\n<li><strong>Recomendaci\u00f3n<\/strong>: condiciones m\u00e1s predecibles y seguras<\/li>\n<\/ul>\n\n\n\n<p><strong>Para expertos y trail runners<\/strong><\/p>\n\n\n\n<ul class=\"wp-block-list\">\n<li><strong>Desaf\u00edo m\u00e1ximo<\/strong>: Julio-Agosto, Diciembre-Febrero<\/li>\n\n\n\n<li><strong>Entrenamiento<\/strong>: cualquier \u00e9poca<\/li>\n\n\n\n<li><strong>Competici\u00f3n<\/strong>: Abril-Mayo, Septiembre-Octubre<\/li>\n<\/ul>\n\n\n\n<h2 class=\"wp-block-heading\">Planificaci\u00f3n desde nuestros alojamientos Terra de Mar<\/h2>\n\n\n\n<h3 class=\"wp-block-heading\">Villa Samar Altea: la base perfecta<\/h3>\n\n\n\n<figure class=\"wp-block-image aligncenter size-large\"><img decoding=\"async\" width=\"1024\" height=\"659\" src=\"https:\/\/grupoterrademar.com\/wp-content\/uploads\/2022\/06\/foto-villa-samar-8-1024x659.jpeg\" alt=\"foto-villa-samar-8\" class=\"wp-image-4261\" srcset=\"https:\/\/grupoterrademar.com\/wp-content\/uploads\/2022\/06\/foto-villa-samar-8-1024x659.jpeg 1024w, https:\/\/grupoterrademar.com\/wp-content\/uploads\/2022\/06\/foto-villa-samar-8-300x193.jpeg 300w, https:\/\/grupoterrademar.com\/wp-content\/uploads\/2022\/06\/foto-villa-samar-8-768x494.jpeg 768w, https:\/\/grupoterrademar.com\/wp-content\/uploads\/2022\/06\/foto-villa-samar-8.jpeg 1280w\" sizes=\"(max-width: 1024px) 100vw, 1024px\" \/><figcaption class=\"wp-element-caption\">Villa Samar, Altea.<\/figcaption><\/figure>\n\n\n\n<p>Ubicada a tan solo 15 minutos en coche del inicio de la ruta principal, <strong><a href=\"https:\/\/grupoterrademar.com\/villa-samar\/\">Villa Samar<\/a><\/strong> se convierte en el campamento base ideal para tu aventura en Sierra de Bernia. Con capacidad para 8 personas, piscina privada y vistas al mar, puedes combinar monta\u00f1a y playa en la misma jornada.<\/p>\n\n\n\n<p><strong>Ventajas estrat\u00e9gicas:<\/strong><\/p>\n\n\n\n<ul class=\"wp-block-list\">\n<li>Salida matutina sin prisas: desayuna tranquilamente en la villa para llegar al inicio antes de las 9:00h<\/li>\n\n\n\n<li>Regreso para ba\u00f1o relajante: despu\u00e9s de 4-6 horas de ruta, nada mejor que la piscina privada<\/li>\n\n\n\n<li>Barbacoa celebrativa: celebra tu conquista con una cena al aire libre<\/li>\n<\/ul>\n\n\n\n<h3 class=\"wp-block-heading\">Hostal La Fonda Benissa: encanto tradicional<\/h3>\n\n\n\n<figure class=\"wp-block-image aligncenter size-large\"><img loading=\"lazy\" decoding=\"async\" width=\"1024\" height=\"630\" src=\"https:\/\/grupoterrademar.com\/wp-content\/uploads\/2022\/07\/LA_FONDA-102-1024x630.jpg\" alt=\"LA_FONDA-102\" class=\"wp-image-7717\" srcset=\"https:\/\/grupoterrademar.com\/wp-content\/uploads\/2022\/07\/LA_FONDA-102-1024x630.jpg 1024w, https:\/\/grupoterrademar.com\/wp-content\/uploads\/2022\/07\/LA_FONDA-102-300x185.jpg 300w, https:\/\/grupoterrademar.com\/wp-content\/uploads\/2022\/07\/LA_FONDA-102-768x472.jpg 768w, https:\/\/grupoterrademar.com\/wp-content\/uploads\/2022\/07\/LA_FONDA-102-1536x945.jpg 1536w, https:\/\/grupoterrademar.com\/wp-content\/uploads\/2022\/07\/LA_FONDA-102-2048x1260.jpg 2048w\" sizes=\"(max-width: 1024px) 100vw, 1024px\" \/><\/figure>\n\n\n\n<p>Nuestro <strong><a href=\"https:\/\/grupoterrademar.com\/la-fonda\/\">hostal boutique La Fonda<\/a><\/strong> en el casco hist\u00f3rico de Benissa ofrece una experiencia aut\u00e9ntica a 20 minutos de Sierra de Bernia. Perfecto para parejas y viajeros que buscan el verdadero sabor mediterr\u00e1neo.<\/p>\n\n\n\n<p><strong>Experiencias \u00fanicas:<\/strong><\/p>\n\n\n\n<ul class=\"wp-block-list\">\n<li>Ambiente hist\u00f3rico: duerme donde han descansado viajeros durante m\u00e1s de un siglo<\/li>\n\n\n\n<li>Consejos locales: nuestro equipo conoce todos los secretos de la sierra<\/li>\n\n\n\n<li>Ubicaci\u00f3n c\u00e9ntrica: combina monta\u00f1a con gastronom\u00eda tradicional benissera<\/li>\n<\/ul>\n\n\n\n<p>En Benissa, adem\u00e1s, puedes hacer alguno de estos programas recomendados:<\/p>\n\n\n\n<ul class=\"wp-block-list\">\n<li>Ma\u00f1ana en Sierra de Bernia, tarde en Playa Fustera<\/li>\n\n\n\n<li>Ruta de 2 d\u00edas: Sierra de Bernia + Puig Campana<\/li>\n\n\n\n<li>Semana activa: alternando monta\u00f1a, playa y turismo cultural<\/li>\n<\/ul>\n\n\n\n<h3 class=\"wp-block-heading\">Casa Rural Ca Sana Teulada: refugio aut\u00e9ntico<\/h3>\n\n\n\n<figure class=\"wp-block-image aligncenter size-large\"><img loading=\"lazy\" decoding=\"async\" width=\"1024\" height=\"683\" src=\"https:\/\/grupoterrademar.com\/wp-content\/uploads\/2023\/09\/3314F-1024x683.jpg\" alt=\"ca sana hotel teulada\" class=\"wp-image-9422\" srcset=\"https:\/\/grupoterrademar.com\/wp-content\/uploads\/2023\/09\/3314F-1024x683.jpg 1024w, https:\/\/grupoterrademar.com\/wp-content\/uploads\/2023\/09\/3314F-300x200.jpg 300w, https:\/\/grupoterrademar.com\/wp-content\/uploads\/2023\/09\/3314F-768x512.jpg 768w, https:\/\/grupoterrademar.com\/wp-content\/uploads\/2023\/09\/3314F-1536x1024.jpg 1536w, https:\/\/grupoterrademar.com\/wp-content\/uploads\/2023\/09\/3314F-2048x1365.jpg 2048w\" sizes=\"(max-width: 1024px) 100vw, 1024px\" \/><figcaption class=\"wp-element-caption\">Hotel Ca Sana.<\/figcaption><\/figure>\n\n\n\n<p>En el coraz\u00f3n de Teulada, <strong><a href=\"https:\/\/grupoterrademar.com\/casa-rural-ca-sana\/\">Ca Sana<\/a><\/strong> ofrece la experiencia de una casa rural aut\u00e9ntica con todas las comodidades modernas, a 25 minutos de la sierra.<\/p>\n\n\n\n<p><strong>Experiencia completa:<\/strong><\/p>\n\n\n\n<ul class=\"wp-block-list\">\n<li>Descanso en entorno hist\u00f3rico BIC (Bien de Inter\u00e9s Cultural) \u2013 Teulada G\u00f3tica<\/li>\n\n\n\n<li>Chimenea para las tardes m\u00e1s frescas de invierno<\/li>\n\n\n\n<li>Productos locales para preparar picnic de monta\u00f1a<\/li>\n\n\n\n<li>Ambiente perfecto para planificar m\u00faltiples rutas<\/li>\n<\/ul>\n\n\n\n<h2 class=\"wp-block-heading\">Equipamiento recomendado por \u00e9poca<\/h2>\n\n\n\n<p><strong>Primavera (marzo-mayo)<\/strong><\/p>\n\n\n\n<ul class=\"wp-block-list\">\n<li><strong>Calzado<\/strong>: botas de senderismo medias con buena adherencia<\/li>\n\n\n\n<li><strong>Ropa<\/strong>: sistema de capas, cortavientos ligero<\/li>\n\n\n\n<li><strong>Extras<\/strong>: gafas de sol, crema solar factor 30<\/li>\n\n\n\n<li><strong>Hidrataci\u00f3n<\/strong>: 2-2.5 litros por persona<\/li>\n<\/ul>\n\n\n\n<p><strong>Verano (junio-agosto)<\/strong><\/p>\n\n\n\n<ul class=\"wp-block-list\">\n<li><strong>Calzado<\/strong>: botas transpirables o zapatillas trail running<\/li>\n\n\n\n<li><strong>Ropa<\/strong>: colores claros, manga larga t\u00e9cnica, sombrero<\/li>\n\n\n\n<li><strong>Extras<\/strong>: gafas categor\u00eda 4, crema solar factor 50+<\/li>\n\n\n\n<li><strong>Hidrataci\u00f3n<\/strong>: 3-4 litros por persona, isot\u00f3nico<\/li>\n<\/ul>\n\n\n\n<p><strong>Oto\u00f1o (septiembre-noviembre)<\/strong><\/p>\n\n\n\n<ul class=\"wp-block-list\">\n<li><strong>Calzado<\/strong>: botas impermeables con buena suela<\/li>\n\n\n\n<li><strong>Ropa<\/strong>: capas adaptables, chubasquero<\/li>\n\n\n\n<li><strong>Extras<\/strong>: frontal, bater\u00eda externa para c\u00e1mara<\/li>\n\n\n\n<li><strong>Hidrataci\u00f3n<\/strong>: 2-2.5 litros, bebida caliente en termo<\/li>\n<\/ul>\n\n\n\n<p><strong>Invierno (diciembre-febrero)<\/strong><\/p>\n\n\n\n<ul class=\"wp-block-list\">\n<li><strong>Calzado<\/strong>: botas de monta\u00f1a, posibles microcrampones<\/li>\n\n\n\n<li><strong>Ropa<\/strong>: ropa t\u00e9cnica de monta\u00f1a, guantes, gorro<\/li>\n\n\n\n<li><strong>Extras<\/strong>: frontal imprescindible, manta t\u00e9rmica<\/li>\n\n\n\n<li><strong>Hidrataci\u00f3n<\/strong>: 2 litros, bebida caliente obligatoria<\/li>\n<\/ul>\n\n\n\n<h2 class=\"wp-block-heading\">Recursos y herramientas de planificaci\u00f3n<\/h2>\n\n\n\n<h3 class=\"wp-block-heading\">Aplicaciones meteorol\u00f3gicas recomendadas<\/h3>\n\n\n\n<ul class=\"wp-block-list\">\n<li><strong><a href=\"https:\/\/www.aemet.es\/es\/portada\" target=\"_blank\" rel=\"noreferrer noopener\">AEMET<\/a><\/strong>: previsi\u00f3n oficial m\u00e1s fiable<\/li>\n\n\n\n<li><strong><a href=\"https:\/\/www.mountain-forecast.com\/\" target=\"_blank\" rel=\"noreferrer noopener\">Mountain-forecast.com<\/a><\/strong>: espec\u00edfica para monta\u00f1a, indica viento y visibilidad<\/li>\n\n\n\n<li><strong><a href=\"https:\/\/www.windy.com\/\" target=\"_blank\" rel=\"noopener\">Windy<\/a><\/strong>: visualizaci\u00f3n detallada, ideal para planificar d\u00edas concretos<\/li>\n\n\n\n<li><strong><a href=\"https:\/\/www.meteoblue.com\/\" target=\"_blank\" rel=\"noopener\">Meteoblue<\/a><\/strong>: previsi\u00f3n a 14 d\u00edas, \u00fatil para planificar vacaciones<\/li>\n<\/ul>\n\n\n\n<h3 class=\"wp-block-heading\">Aplicaciones de senderismo<\/h3>\n\n\n\n<ul class=\"wp-block-list\">\n<li><strong><a href=\"https:\/\/es.wikiloc.com\/\" target=\"_blank\" rel=\"noopener\">Wikiloc<\/a><\/strong>: tracks GPS y experiencias de otros usuarios<\/li>\n\n\n\n<li><strong><a href=\"https:\/\/www.komoot.com\/es-es\" target=\"_blank\" rel=\"noopener\">Komoot<\/a><\/strong>: planificaci\u00f3n de rutas y navegaci\u00f3n offline<\/li>\n\n\n\n<li><strong><a href=\"https:\/\/www.alltrails.com\/es\/\" target=\"_blank\" rel=\"noopener\">AllTrails<\/a><\/strong>: reviews y fotos de otros senderistas<\/li>\n\n\n\n<li><strong><a href=\"https:\/\/www.oruxmaps.com\/cs\/es\/\" target=\"_blank\" rel=\"noopener\">OruxMaps<\/a><\/strong>: navegaci\u00f3n offline profesional<\/li>\n<\/ul>\n\n\n\n<h2 class=\"wp-block-heading\">Consideraciones de seguridad por \u00e9poca<\/h2>\n\n\n\n<h3 class=\"wp-block-heading\">Primavera<\/h3>\n\n\n\n<ul class=\"wp-block-list\">\n<li><strong>Rocas h\u00famedas<\/strong>: tras lluvias, m\u00e1xima precauci\u00f3n en zonas rocosas<\/li>\n\n\n\n<li><strong>Cambios s\u00fabitos<\/strong>: el clima puede cambiar r\u00e1pidamente<\/li>\n\n\n\n<li><strong>Deshidrataci\u00f3n enga\u00f1osa<\/strong>: el fresco matutino puede llevar a beber poco<\/li>\n<\/ul>\n\n\n\n<h3 class=\"wp-block-heading\">Verano<\/h3>\n\n\n\n<ul class=\"wp-block-list\">\n<li><strong>Golpe de calor<\/strong>: principal peligro, s\u00edntomas: mareo, n\u00e1useas, confusi\u00f3n<\/li>\n\n\n\n<li><strong>Deshidrataci\u00f3n<\/strong>: p\u00e9rdida del 2% del peso corporal ya afecta el rendimiento<\/li>\n\n\n\n<li><strong>Quemaduras solares<\/strong>: en altitud, la radiaci\u00f3n UV es m\u00e1s intensa<\/li>\n<\/ul>\n\n\n\n<h3 class=\"wp-block-heading\">Oto\u00f1o<\/h3>\n\n\n\n<ul class=\"wp-block-list\">\n<li><strong>Resbalones<\/strong>: hojas h\u00famedas pueden ser traicioneras<\/li>\n\n\n\n<li><strong>Hipotermia<\/strong>: los cambios de temperatura son m\u00e1s bruscos<\/li>\n\n\n\n<li><strong>P\u00e9rdida de luz<\/strong>: d\u00edas m\u00e1s cortos requieren mejor planificaci\u00f3n horaria<\/li>\n<\/ul>\n\n\n\n<h3 class=\"wp-block-heading\">Invierno<\/h3>\n\n\n\n<ul class=\"wp-block-list\">\n<li><strong>Hielo matutino<\/strong>: especialmente peligroso en zonas de sombra<\/li>\n\n\n\n<li><strong>Hipotermia<\/strong>: riesgo real con viento y humedad<\/li>\n\n\n\n<li><strong>Desorientaci\u00f3n<\/strong>: nieblas matutinas pueden dificultar la navegaci\u00f3n<\/li>\n<\/ul>\n\n\n\n<h2 class=\"wp-block-heading\">Recomendaciones finales desde nuestra experiencia<\/h2>\n\n\n\n<p>Despu\u00e9s de acompa\u00f1ar a cientos de hu\u00e9spedes en su aventura hacia Sierra de Bernia desde nuestros alojamientos en Costa Blanca, estas son nuestras recomendaciones m\u00e1s valiosas:<\/p>\n\n\n\n<h3 class=\"wp-block-heading\">El d\u00eda perfecto en Sierra de Bernia<\/h3>\n\n\n\n<ul class=\"wp-block-list\">\n<li><strong>6:30h<\/strong>: Desayuno energ\u00e9tico en tu alojamiento Terra de Mar<\/li>\n\n\n\n<li><strong>7:30h<\/strong>: Salida en coche (15-25 min seg\u00fan ubicaci\u00f3n)<\/li>\n\n\n\n<li><strong>8:00h<\/strong>: Inicio de ruta con temperatura ideal y luz dorada<\/li>\n\n\n\n<li><strong>12:00h<\/strong>: Cumbre alcanzada, almuerzo con vistas infinitas<\/li>\n\n\n\n<li><strong>14:00h<\/strong>: Regreso completado, tiempo para relajarse<\/li>\n\n\n\n<li><strong>15:30h<\/strong>: Ba\u00f1o en piscina privada o playa cercana<\/li>\n\n\n\n<li><strong>20:00h<\/strong>: Cena celebrativa con productos locales<\/li>\n<\/ul>\n\n\n\n<h3 class=\"wp-block-heading\">Errores comunes a evitar<\/h3>\n\n\n\n<ol start=\"1\" class=\"wp-block-list\">\n<li><strong>Subestimar la hidrataci\u00f3n<\/strong>: incluso en invierno es fundamental<\/li>\n\n\n\n<li><strong>Salir demasiado tarde en verano<\/strong>: despu\u00e9s de las 8:00h ya es arriesgado<\/li>\n\n\n\n<li><strong>No consultar el viento<\/strong>: vientos superiores a 40 km\/h desaconsejan la ruta<\/li>\n\n\n\n<li><strong>Olvidar informar del plan<\/strong>: siempre comunica tu itinerario<\/li>\n\n\n\n<li><strong>No llevar comida suficiente<\/strong>: 4-6 horas de ruta requieren energ\u00eda constante<\/li>\n<\/ol>\n\n\n\n<h3 class=\"wp-block-heading\">Combinaciones perfectas<\/h3>\n\n\n\n<ul class=\"wp-block-list\">\n<li><strong>Primavera<\/strong>: Sierra de Bernia + Casco antiguo de Altea + Playa<\/li>\n\n\n\n<li><strong>Verano<\/strong>: Madrug\u00f3n en Sierra + d\u00eda completo de playa y descanso<\/li>\n\n\n\n<li><strong>Oto\u00f1o<\/strong>: Ruta de monta\u00f1a + ruta gastron\u00f3mica por Benissa<\/li>\n\n\n\n<li><strong>Invierno<\/strong>: Sierra de Bernia + relax en alojamiento<\/li>\n<\/ul>\n\n\n\n<h2 class=\"wp-block-heading\">Tu aventura comienza en Terra de Mar<\/h2>\n\n\n\n<p>La Sierra de Bernia no es solo una monta\u00f1a; es una experiencia transformadora que conecta tu esp\u00edritu aventurero con la esencia m\u00e1s pura del Mediterr\u00e1neo. Cada \u00e9poca del a\u00f1o ofrece una versi\u00f3n diferente de esta majestuosa sierra, desde la explosi\u00f3n vital de la primavera hasta la soledad m\u00edstica del invierno.<\/p>\n\n\n\n<p>Desde nuestros alojamientos en Costa Blanca, hemos tenido el privilegio de ser testigos de cientos de historias de superaci\u00f3n, descubrimiento y conexi\u00f3n con la naturaleza. Cada hu\u00e9sped que regresa de Sierra de Bernia trae consigo esa mirada especial de quien ha tocado el cielo mediterr\u00e1neo con sus propias manos.<\/p>\n\n\n\n<p>La proximidad de nuestras propiedades a esta joya natural no es casualidad; es el resultado de a\u00f1os de experiencia ayudando a viajeros como t\u00fa a descubrir los tesoros ocultos de Costa Blanca. Desde Villa Samar con sus vistas al mar hasta la autenticidad de Hostal La Fonda en el coraz\u00f3n hist\u00f3rico de Benissa, cada uno de nuestros alojamientos se convierte en el campamento base perfecto para tu conquista de Sierra de Bernia.<\/p>\n\n\n\n<p>No importa si eres un senderista experimentado buscando un nuevo desaf\u00edo o una familia que quiere introducir a los ni\u00f1os en el mundo de la monta\u00f1a. La Sierra de Bernia, con la planificaci\u00f3n adecuada y el alojamiento perfecto, se adapta a todos los niveles y todas las \u00e9pocas.<\/p>\n\n\n\n<p>Tu aventura en Sierra de Bernia comienza el momento en que cruzas la puerta de cualquiera de nuestros alojamientos. Perm\u00edtenos ser parte de tu historia, de esa experiencia que recordar\u00e1s toda la vida cuando contemples el amanecer desde los 1.128 metros de altura de esta sierra m\u00e1gica.<\/p>\n\n\n\n<div class=\"faq-section\">\n<h2>Preguntas frecuentes sobre Sierra de Bernia<\/h2>\n\n<div class=\"faq-item\">\n<h3>\u00bfCu\u00e1l es la mejor \u00e9poca para subir Sierra de Bernia?<\/h3>\n<p>La mejor \u00e9poca es abril-mayo y octubre, con temperaturas ideales de 10-22\u00b0C, precipitaciones moderadas y condiciones perfectas para senderismo.<\/p>\n<\/div>\n\n<div class=\"faq-item\">  \n<h3>\u00bfSe puede subir Sierra de Bernia en verano?<\/h3>\n<p>S\u00ed, pero requiere salida ultra-temprana (5:30-6:30h) para evitar temperaturas que superan los 35\u00b0C al mediod\u00eda.<\/p>\n<\/div>\n\n<div class=\"faq-item\">\n<h3>\u00bfDesde d\u00f3nde se puede acceder mejor a Sierra de Bernia?<\/h3>\n<p>Desde nuestros alojamientos Terra de Mar: Villa Samar Altea (15 min), Hostal La Fonda Benissa (20 min), Ca Sana (25 min).<\/p>\n<\/div>\n<\/div>\n\n<script type=\"application\/ld+json\">\n{\n  \"@context\": \"https:\/\/schema.org\",\n  \"@type\": \"FAQPage\",\n  \"mainEntity\": [\n    {\n      \"@type\": \"Question\",\n      \"name\": \"\u00bfCu\u00e1l es la mejor \u00e9poca para subir Sierra de Bernia?\",\n      \"acceptedAnswer\": {\n        \"@type\": \"Answer\",\n        \"text\": \"La mejor \u00e9poca es abril-mayo y octubre, con temperaturas ideales de 10-22\u00b0C, precipitaciones moderadas y condiciones perfectas para senderismo.\"\n      }\n    },\n    {\n      \"@type\": \"Question\",\n      \"name\": \"\u00bfSe puede subir Sierra de Bernia en verano?\",\n      \"acceptedAnswer\": {\n        \"@type\": \"Answer\", \n        \"text\": \"S\u00ed, pero requiere salida ultra-temprana (5:30-6:30h) para evitar temperaturas que superan los 35\u00b0C al mediod\u00eda.\"\n      }\n    },\n    {\n      \"@type\": \"Question\",\n      \"name\": \"\u00bfDesde d\u00f3nde se puede acceder mejor a Sierra de Bernia?\",\n      \"acceptedAnswer\": {\n        \"@type\": \"Answer\",\n        \"text\": \"Desde nuestros alojamientos Terra de Mar: Villa Samar Altea (15 min), Hostal La Fonda Benissa (20 min), apartamentos Benissa (20 min).\"\n      }\n    }\n  ]\n}\n<\/script>\n\n\n\n<hr class=\"wp-block-separator has-alpha-channel-opacity\"\/>\n\n\n\n<p><em>\u00bfListo para vivir tu propia aventura en Sierra de Bernia? Contacta con nosotros y descubre c\u00f3mo nuestros alojamientos en Costa Blanca se convierten en la base perfecta para conquistar esta joya del senderismo mediterr\u00e1neo. En Terra de Mar, tu monta\u00f1a so\u00f1ada est\u00e1 a solo 15 minutos de distancia.<\/em><\/p>\n\n\n\n<p><strong>\ud83d\udcde<\/strong><strong> Reserva tu aventura<\/strong>: +34 629 665 124<br><strong>\ud83c\udf10<\/strong><strong> M\u00e1s informaci\u00f3n<\/strong>: grupoterrademar.com<br><strong>\ud83d\udce7<\/strong><strong> Consultas personalizadas<\/strong>: info@grupoterrademar.com<\/p>\n","protected":false},"excerpt":{"rendered":"<p>Descubre cu\u00e1ndo subir Sierra de Bernia: clima, temperaturas y condiciones por estaci\u00f3n. Gu\u00eda completa desde alojamientos Costa Blanca. \u00a1Planifica tu aventura!<\/p>","protected":false},"author":1,"featured_media":10873,"comment_status":"open","ping_status":"open","sticky":false,"template":"","format":"standard","meta":{"footnotes":""},"categories":[77],"tags":[87],"class_list":["post-10872","post","type-post","status-publish","format-standard","has-post-thumbnail","hentry","category-experiencias","tag-experiencias-viajes"],"_links":{"self":[{"href":"https:\/\/grupoterrademar.com\/de\/wp-json\/wp\/v2\/posts\/10872","targetHints":{"allow":["GET"]}}],"collection":[{"href":"https:\/\/grupoterrademar.com\/de\/wp-json\/wp\/v2\/posts"}],"about":[{"href":"https:\/\/grupoterrademar.com\/de\/wp-json\/wp\/v2\/types\/post"}],"author":[{"embeddable":true,"href":"https:\/\/grupoterrademar.com\/de\/wp-json\/wp\/v2\/users\/1"}],"replies":[{"embeddable":true,"href":"https:\/\/grupoterrademar.com\/de\/wp-json\/wp\/v2\/comments?post=10872"}],"version-history":[{"count":6,"href":"https:\/\/grupoterrademar.com\/de\/wp-json\/wp\/v2\/posts\/10872\/revisions"}],"predecessor-version":[{"id":11074,"href":"https:\/\/grupoterrademar.com\/de\/wp-json\/wp\/v2\/posts\/10872\/revisions\/11074"}],"wp:featuredmedia":[{"embeddable":true,"href":"https:\/\/grupoterrademar.com\/de\/wp-json\/wp\/v2\/media\/10873"}],"wp:attachment":[{"href":"https:\/\/grupoterrademar.com\/de\/wp-json\/wp\/v2\/media?parent=10872"}],"wp:term":[{"taxonomy":"category","embeddable":true,"href":"https:\/\/grupoterrademar.com\/de\/wp-json\/wp\/v2\/categories?post=10872"},{"taxonomy":"post_tag","embeddable":true,"href":"https:\/\/grupoterrademar.com\/de\/wp-json\/wp\/v2\/tags?post=10872"}],"curies":[{"name":"wp","href":"https:\/\/api.w.org\/{rel}","templated":true}]}}